{"id":59744,"date":"2023-09-11T13:11:00","date_gmt":"2023-09-11T18:11:00","guid":{"rendered":"http:\/\/www.zonaroja.com.mx\/?p=59744"},"modified":"2023-09-11T09:22:02","modified_gmt":"2023-09-11T14:22:02","slug":"ediles-oaxaquenos-siguen-reprobados-por-ciudadanos-en-agosto-mitofsky","status":"publish","type":"post","link":"https:\/\/zonaroja.com.mx\/?p=59744","title":{"rendered":"Ediles oaxaque\u00f1os siguen reprobados por ciudadanos en agosto: Mitofsky"},"content":{"rendered":"\n<p>Yuridiana Sosa\/Zona Roja.<\/p>\n\n\n\n<p>Oaxaca de Ju\u00e1rez, Oax., a 11 de septiembre de 2023.- A casi tres meses de concluir el segundo a\u00f1o de su administraci\u00f3n, los presidentes municipales de Oaxaca de Ju\u00e1rez y Juchit\u00e1n de Zaragoza sigue sin pasar a calificaci\u00f3n aprobatoria en su desempe\u00f1o por parte de la ciudadan\u00eda, de acuerdo a la Encuesta Mitofsky de agosto.<\/p>\n\n\n\n<p>La encuesta, que mide el desempe\u00f1o de 150 ediles de M\u00e9xico, coloc\u00f3 al edil morenista de Juchit\u00e1n de Zaragoza, en la regi\u00f3n del Istmo de Oaxaca, Miguel S\u00e1nchez, en la posici\u00f3n 72, con un promedio de 49.9 por ciento a su favor.<\/p>\n\n\n\n<p>Posiciones m\u00e1s abajo, en el n\u00famero 76, se situ\u00f3 el edil de la capital oaxaque\u00f1a, y tambi\u00e9n de Morena, Francisco Mart\u00ednez Neri, con el 48.8 por ciento de aprobaci\u00f3n ciudadana.<\/p>\n\n\n\n<p>Los resultados del Ranking detallaron que en el caso de Mart\u00ednez Neri fue el edil que a nivel nacional tuvo el mayor aumento en su promedio respecto a la encuesta anterior de junio, al pasar del 44.5 por ciento de aprobaci\u00f3n al 48.8, lo que representa un 4.3 por ciento m\u00e1s.<\/p>\n\n\n\n<p>POR ZONAS<\/p>\n\n\n\n<p>Este mes, la encuesta Mitofsky tambi\u00e9n clasific\u00f3 a los presidentes por zonas del pa\u00eds; 10 municipios de la frontera, 32 costeros (Pac\u00edfico y Golfo), 31 capitales y los 20 municipios m\u00e1s poblados.<\/p>\n\n\n\n<p>En ese sentido, en lo correspondiente a la zona costera, se calific\u00f3 a Miguel S\u00e1nchez de Juchit\u00e1n de Zaragoza, que con su promedio de aprobaci\u00f3n de 49.9 por ciento se coloc\u00f3 en el lugar 20 de los 32 evaluados.<\/p>\n\n\n\n<p>Sobre los capitalinos, Francisco Mart\u00ednez Neri de Oaxaca de Ju\u00e1rez ocup\u00f3 el sitio 19 de los 31 calificados.<\/p>\n\n\n\n<p>NACIONAL<\/p>\n\n\n\n<p>La encuestadora Mitofsky inform\u00f3 que, por primera vez, desde enero de 2020, en agosto m\u00e1s de la mitad de los ediles de M\u00e9xico aprob\u00f3 en promedio su gesti\u00f3n, con 52.7 por ciento.<\/p>\n","protected":false},"excerpt":{"rendered":"<p>Yuridiana Sosa\/Zona Roja. Oaxaca de Ju\u00e1rez, Oax., a 11 de septiembre de 2023.- A casi&hellip;<\/p>\n","protected":false},"author":2,"featured_media":59745,"comment_status":"closed","ping_status":"open","sticky":false,"template":"","format":"standard","meta":{"_lmt_disableupdate":"","_lmt_disable":"","_jetpack_memberships_contains_paid_content":false,"footnotes":""},"categories":[109,47],"tags":[2418],"class_list":["post-59744","post","type-post","status-publish","format-standard","has-post-thumbnail","hentry","category-minuto-a-minuto","category-zona-gris","tag-francisco-martinez-neri"],"jetpack_featured_media_url":"https:\/\/zonaroja.com.mx\/wp-content\/uploads\/2023\/09\/Francisco-Martinez-Neri-y-Miguel-Sanchez-Altamirano.jpg","jetpack_sharing_enabled":true,"_links":{"self":[{"href":"https:\/\/zonaroja.com.mx\/index.php?rest_route=\/wp\/v2\/posts\/59744","targetHints":{"allow":["GET"]}}],"collection":[{"href":"https:\/\/zonaroja.com.mx\/index.php?rest_route=\/wp\/v2\/posts"}],"about":[{"href":"https:\/\/zonaroja.com.mx\/index.php?rest_route=\/wp\/v2\/types\/post"}],"author":[{"embeddable":true,"href":"https:\/\/zonaroja.com.mx\/index.php?rest_route=\/wp\/v2\/users\/2"}],"replies":[{"embeddable":true,"href":"https:\/\/zonaroja.com.mx\/index.php?rest_route=%2Fwp%2Fv2%2Fcomments&post=59744"}],"version-history":[{"count":1,"href":"https:\/\/zonaroja.com.mx\/index.php?rest_route=\/wp\/v2\/posts\/59744\/revisions"}],"predecessor-version":[{"id":59746,"href":"https:\/\/zonaroja.com.mx\/index.php?rest_route=\/wp\/v2\/posts\/59744\/revisions\/59746"}],"wp:featuredmedia":[{"embeddable":true,"href":"https:\/\/zonaroja.com.mx\/index.php?rest_route=\/wp\/v2\/media\/59745"}],"wp:attachment":[{"href":"https:\/\/zonaroja.com.mx\/index.php?rest_route=%2Fwp%2Fv2%2Fmedia&parent=59744"}],"wp:term":[{"taxonomy":"category","embeddable":true,"href":"https:\/\/zonaroja.com.mx\/index.php?rest_route=%2Fwp%2Fv2%2Fcategories&post=59744"},{"taxonomy":"post_tag","embeddable":true,"href":"https:\/\/zonaroja.com.mx\/index.php?rest_route=%2Fwp%2Fv2%2Ftags&post=59744"}],"curies":[{"name":"wp","href":"https:\/\/api.w.org\/{rel}","templated":true}]}}