{"id":59751,"date":"2023-09-11T19:13:45","date_gmt":"2023-09-12T00:13:45","guid":{"rendered":"http:\/\/www.zonaroja.com.mx\/?p=59751"},"modified":"2023-09-11T19:13:49","modified_gmt":"2023-09-12T00:13:49","slug":"crece-ola-delictiva-en-oaxaca-capital-roban-en-al-menos-cuatro-locales-comerciales","status":"publish","type":"post","link":"https:\/\/zonaroja.com.mx\/?p=59751","title":{"rendered":"Crece ola delictiva en Oaxaca capital: roban en al menos cuatro locales comerciales"},"content":{"rendered":"\n<p>Ismael Garc\u00eda M.\/Zona Roja.<\/p>\n\n\n\n<p>Oaxaca de Ju\u00e1rez, Oax., a 11 de septiembre de 2023.- La nula vigilancia por parte de la polic\u00eda de Oaxaca de Ju\u00e1rez deriv\u00f3 en el robo en al menos cuatro locales comerciales en zona exclusiva de la capital.<\/p>\n\n\n\n<p>Fue la madrugada de hoy en que sujetos rompieron las puertas de cristal de los negocios de Plaza Mazari, ubicado en la calzada Porfirio D\u00edaz de la colonia Reforma, zona residencial de sucursales bancarias y m\u00faltiples comercios.<\/p>\n\n\n\n<p>Entre los comercios vandalizados y saqueados se encuentran la telef\u00f3nica AT&amp;T, el restaurante Sushitto, as\u00ed como la caseta de control de acceso al estacionamiento de la plaza comercial y una jugueter\u00eda.<\/p>\n\n\n\n<p>Personal de la Fiscal\u00eda General del Estado de Oaxaca contin\u00faa con las indagatorias y hasta el momento se desconoce el monto del hurto.<\/p>\n\n\n\n<p>En tanto, autoridades municipales de la capital hicieron difundir de manera extraoficial la informaci\u00f3n de que habr\u00eda sido un solitario sujeto, el guardia de seguridad del lugar \u2014Fernando C.\u2014, quien habr\u00eda cometido el robo, utilizando un marro, para despu\u00e9s esperar a la polic\u00eda municipal y entregarse.<\/p>\n\n\n\n<p>Mientras que la Secretar\u00eda de Seguridad y Protecci\u00f3n Ciudadana a\u00fan no ha dado a conocer una versi\u00f3n acerca de los hechos.<\/p>\n\n\n\n<figure class=\"wp-block-embed\"><div class=\"wp-block-embed__wrapper\">\nhttps:\/\/x.com\/ZonaRoja_Oaxaca\/status\/1701320424817062335?s=20\n<\/div><\/figure>\n","protected":false},"excerpt":{"rendered":"<p>Ismael Garc\u00eda M.\/Zona Roja. Oaxaca de Ju\u00e1rez, Oax., a 11 de septiembre de 2023.- La&hellip;<\/p>\n","protected":false},"author":2,"featured_media":59752,"comment_status":"closed","ping_status":"open","sticky":false,"template":"","format":"standard","meta":{"_lmt_disableupdate":"","_lmt_disable":"","_jetpack_memberships_contains_paid_content":false,"footnotes":""},"categories":[109,47],"tags":[148],"class_list":["post-59751","post","type-post","status-publish","format-standard","has-post-thumbnail","hentry","category-minuto-a-minuto","category-zona-gris","tag-oaxaca-de-juarez"],"jetpack_featured_media_url":"https:\/\/zonaroja.com.mx\/wp-content\/uploads\/2023\/09\/Robo-centro-comercial-Plaza-Mazari.jpg","jetpack_sharing_enabled":true,"_links":{"self":[{"href":"https:\/\/zonaroja.com.mx\/index.php?rest_route=\/wp\/v2\/posts\/59751","targetHints":{"allow":["GET"]}}],"collection":[{"href":"https:\/\/zonaroja.com.mx\/index.php?rest_route=\/wp\/v2\/posts"}],"about":[{"href":"https:\/\/zonaroja.com.mx\/index.php?rest_route=\/wp\/v2\/types\/post"}],"author":[{"embeddable":true,"href":"https:\/\/zonaroja.com.mx\/index.php?rest_route=\/wp\/v2\/users\/2"}],"replies":[{"embeddable":true,"href":"https:\/\/zonaroja.com.mx\/index.php?rest_route=%2Fwp%2Fv2%2Fcomments&post=59751"}],"version-history":[{"count":1,"href":"https:\/\/zonaroja.com.mx\/index.php?rest_route=\/wp\/v2\/posts\/59751\/revisions"}],"predecessor-version":[{"id":59753,"href":"https:\/\/zonaroja.com.mx\/index.php?rest_route=\/wp\/v2\/posts\/59751\/revisions\/59753"}],"wp:featuredmedia":[{"embeddable":true,"href":"https:\/\/zonaroja.com.mx\/index.php?rest_route=\/wp\/v2\/media\/59752"}],"wp:attachment":[{"href":"https:\/\/zonaroja.com.mx\/index.php?rest_route=%2Fwp%2Fv2%2Fmedia&parent=59751"}],"wp:term":[{"taxonomy":"category","embeddable":true,"href":"https:\/\/zonaroja.com.mx\/index.php?rest_route=%2Fwp%2Fv2%2Fcategories&post=59751"},{"taxonomy":"post_tag","embeddable":true,"href":"https:\/\/zonaroja.com.mx\/index.php?rest_route=%2Fwp%2Fv2%2Ftags&post=59751"}],"curies":[{"name":"wp","href":"https:\/\/api.w.org\/{rel}","templated":true}]}}