{"id":59754,"date":"2023-09-11T19:45:55","date_gmt":"2023-09-12T00:45:55","guid":{"rendered":"http:\/\/www.zonaroja.com.mx\/?p=59754"},"modified":"2023-09-11T19:45:58","modified_gmt":"2023-09-12T00:45:58","slug":"solapa-titular-de-semovi-corrupcion-gestor-tramita-licencia-de-fiscal-de-oaxaca","status":"publish","type":"post","link":"https:\/\/zonaroja.com.mx\/?p=59754","title":{"rendered":"Solapa titular de Semovi corrupci\u00f3n: \u201cgestor\u201d tramita licencia de fiscal de Oaxaca"},"content":{"rendered":"\n<p>Ismael Garc\u00eda M.\/Zona Roja.<\/p>\n\n\n\n<p>Oaxaca de Ju\u00e1rez, Oax., a 11 de septiembre de 2023.- A casi 10 meses del actual sexenio, la corrupci\u00f3n se mantiene en la Secretar\u00eda de Movilidad del gobierno de Oaxaca, ante la pasividad de la titular, Claudina De Gyves.<\/p>\n\n\n\n<p>Un gestor, con el apoyo de personal de base, logr\u00f3 tramitar una licencia de conducir a nombre del titular de la Fiscal\u00eda General del Estado de Oaxaca, Bernardo Rodr\u00edguez Alamilla, sin que ning\u00fan funcionario se percatara de ello.<\/p>\n\n\n\n<p>\u201cNuestro pecho no es bodega; ya lo hemos comentado. Resulta que un gestor, un \u2018coyote\u2019, estuvo tramitando una licencia de un funcionario, de un servidor de primera l\u00ednea.&nbsp;<\/p>\n\n\n\n<p>\u201cY, bueno, voy a comentarlo, Bernardo Alamilla; obtuvo su licencia y el fiscal nunca lo hab\u00eda gestionado. Cuando se dieron cuenta de los documentos, porque el fiscal solicit\u00f3 que le informara si el documento era verdadero, encuentran que la firma no es de \u00e9l; la huella digital no es de \u00e9l, la licencia es de \u00e9l\u201d, relat\u00f3 esta ma\u00f1ana el gobernador Salom\u00f3n Jara Cruz.<\/p>\n\n\n\n<p>\u201cYo creo que ten\u00edan una mala intenci\u00f3n contra \u00e9l\u201d, remarc\u00f3 en conferencia de prensa, al detallar que la Fiscal\u00eda General inici\u00f3 de inmediato las indagatorias y se detect\u00f3 que Alejandro Zepeda Mart\u00ednez, gestor cercano a las oficinas de la Semovi, realiz\u00f3 todo el movimiento.<\/p>\n\n\n\n<p>\u201cAh\u00ed en Semovi trabaja su esposa, una trabajadora de base, Norma Hortensia Hern\u00e1ndez P\u00e9rez; con todas las facilidades para gestionar licencias, placas; terrible, y se hace la investigaci\u00f3n y todo abajo est\u00e1 podrido; trabajadores de base, negocios, por eso vamos a hacer una limpia\u201d, expuso.<\/p>\n\n\n\n<p>Lament\u00f3 que el personal de base est\u00e9 inmiscuido y exculp\u00f3 al dirigente del sindicato de bur\u00f3cratas, Pedro Castillejos Villalobos.<\/p>\n\n\n\n<p>\u201cHay un regidor ah\u00ed en la ciudad de Oaxaca (Juan Rafael Rosas Herrera), \u00e9l y otro, pero son terribles; una corrupci\u00f3n tremenda y nosotros no lo vamos a permitir que le roben al pueblo y que quieran seguir manejando, porque eso lo hac\u00edan en el pasado gobierno, negocios\u201d, manifest\u00f3.<\/p>\n\n\n\n<p>Jara Cruz exhort\u00f3 a Pedro Castillejos y a los trabajadores a hacer de la administraci\u00f3n p\u00fablica un trabajo limpio; \u201cque vayamos y nos pongamos al servicio del pueblo de Oaxaca y los trabajadores que quieran seguir robando nos van a disculpar, pero no lo vamos a permitir\u201d, remarc\u00f3.<\/p>\n\n\n\n<figure class=\"wp-block-embed\"><div class=\"wp-block-embed__wrapper\">\nhttps:\/\/x.com\/ZonaRoja_Oaxaca\/status\/1701265155554767010?s=20\n<\/div><\/figure>\n","protected":false},"excerpt":{"rendered":"<p>Ismael Garc\u00eda M.\/Zona Roja. Oaxaca de Ju\u00e1rez, Oax., a 11 de septiembre de 2023.- A&hellip;<\/p>\n","protected":false},"author":2,"featured_media":59755,"comment_status":"closed","ping_status":"open","sticky":false,"template":"","format":"standard","meta":{"_lmt_disableupdate":"","_lmt_disable":"","_jetpack_memberships_contains_paid_content":false,"footnotes":""},"categories":[109,47],"tags":[939],"class_list":["post-59754","post","type-post","status-publish","format-standard","has-post-thumbnail","hentry","category-minuto-a-minuto","category-zona-gris","tag-salomon-jara-cruz"],"jetpack_featured_media_url":"https:\/\/zonaroja.com.mx\/wp-content\/uploads\/2023\/09\/Corrupcion-Secretaria-de-Movilidad.jpg","jetpack_sharing_enabled":true,"_links":{"self":[{"href":"https:\/\/zonaroja.com.mx\/index.php?rest_route=\/wp\/v2\/posts\/59754","targetHints":{"allow":["GET"]}}],"collection":[{"href":"https:\/\/zonaroja.com.mx\/index.php?rest_route=\/wp\/v2\/posts"}],"about":[{"href":"https:\/\/zonaroja.com.mx\/index.php?rest_route=\/wp\/v2\/types\/post"}],"author":[{"embeddable":true,"href":"https:\/\/zonaroja.com.mx\/index.php?rest_route=\/wp\/v2\/users\/2"}],"replies":[{"embeddable":true,"href":"https:\/\/zonaroja.com.mx\/index.php?rest_route=%2Fwp%2Fv2%2Fcomments&post=59754"}],"version-history":[{"count":1,"href":"https:\/\/zonaroja.com.mx\/index.php?rest_route=\/wp\/v2\/posts\/59754\/revisions"}],"predecessor-version":[{"id":59756,"href":"https:\/\/zonaroja.com.mx\/index.php?rest_route=\/wp\/v2\/posts\/59754\/revisions\/59756"}],"wp:featuredmedia":[{"embeddable":true,"href":"https:\/\/zonaroja.com.mx\/index.php?rest_route=\/wp\/v2\/media\/59755"}],"wp:attachment":[{"href":"https:\/\/zonaroja.com.mx\/index.php?rest_route=%2Fwp%2Fv2%2Fmedia&parent=59754"}],"wp:term":[{"taxonomy":"category","embeddable":true,"href":"https:\/\/zonaroja.com.mx\/index.php?rest_route=%2Fwp%2Fv2%2Fcategories&post=59754"},{"taxonomy":"post_tag","embeddable":true,"href":"https:\/\/zonaroja.com.mx\/index.php?rest_route=%2Fwp%2Fv2%2Ftags&post=59754"}],"curies":[{"name":"wp","href":"https:\/\/api.w.org\/{rel}","templated":true}]}}