{"id":59757,"date":"2023-09-11T20:03:22","date_gmt":"2023-09-12T01:03:22","guid":{"rendered":"http:\/\/www.zonaroja.com.mx\/?p=59757"},"modified":"2023-09-11T20:03:27","modified_gmt":"2023-09-12T01:03:27","slug":"inicia-otra-semana-de-protestas-en-oaxaca-y-llevan-demandas-hasta-cdmx","status":"publish","type":"post","link":"https:\/\/zonaroja.com.mx\/?p=59757","title":{"rendered":"Inicia otra semana de protestas en Oaxaca y llevan demandas hasta CdMx."},"content":{"rendered":"\n<p>Yuridiana Sosa\/Zona Roja.<\/p>\n\n\n\n<p>Oaxaca de Ju\u00e1rez, Oax.,a 11 de septiembre de 2023.- Una vez m\u00e1s, las protestas abrieron la semana en la entidad, en la capital, en la regi\u00f3n Mixteca y una de sus organizaciones llev\u00f3 sus demandas hasta la Ciudad de M\u00e9xico.<\/p>\n\n\n\n<p>Como lo advirti\u00f3, el Movimiento de Unificaci\u00f3n y Lucha Triqui se desplaz\u00f3 en caravana hasta la capital del pa\u00eds para demandar la intervenci\u00f3n del Presidente Andr\u00e9s Manuel L\u00f3pez Obrador en su exigencia de justicia por hechos violentos en la zona triqui de Oaxaca, con un saldo de 37 ataques en su contra y nueve muertos.<\/p>\n\n\n\n<p>Desde este domingo comenz\u00f3 la caravana de los integrantes del MULT, quienes a su llegada a la Ciudad de M\u00e9xico, este lunes, se concentraron frente a Palacio Nacional, donde planean instalar un plant\u00f3n indefinido o hasta que la autoridad nacional los atienda.<\/p>\n\n\n\n<p>Mientras que el grupo opositor de la zona, el Movimiento de Unificaci\u00f3n y Lucha Triqui Independiente (MULTI) instal\u00f3 bloqueos carreteros en Santiago Juxtlahuaca para denunciar supuestos ataques del MULT y exigir la reanudaci\u00f3n de las mesas de paz con el gobierno del estado y federal.<\/p>\n\n\n\n<p>Incluso, ayer, el MULT acus\u00f3 que el MULTI realiz\u00f3 un bloqueo en la comunidad de Agua Fr\u00eda, Juxtlahuaca, con la intenci\u00f3n de impedir el paso de la caravana, por lo que responsabilizaba a sus opositores de cualquier incidente en su contra.<\/p>\n\n\n\n<figure class=\"wp-block-embed\"><div class=\"wp-block-embed__wrapper\">\nhttps:\/\/x.com\/ZonaRoja_Oaxaca\/status\/1701303715385286713?s=20\n<\/div><\/figure>\n\n\n\n<p>UNA M\u00c1S<\/p>\n\n\n\n<p>Desde temprana hora, docentes de la escuela Secundaria T\u00e9cnica 84 del municipio conurbado de Villa de Etla se manifestaron con un bloqueo en la calzada H\u00e9roes de Chapultepec de la ciudad de Oaxaca, para exigir la urgente intervenci\u00f3n del IEEPO en el conflicto interno.<\/p>\n\n\n\n<p>Los profesores que este lunes se manifestaron fueron desconocidos, junto con el director y el Comit\u00e9 de Padres de Familia, por el resto de los tutores de la instituci\u00f3n por supuestas anomal\u00edas en el manejo de los recursos.<\/p>\n\n\n\n<p>Ante esta situaci\u00f3n, los paterfamilias exigen la sustituci\u00f3n total de la plantilla de maestros y la salida del director, por lo que consideran la introducci\u00f3n de la Secci\u00f3n 59.<\/p>\n\n\n\n<p>El problema ha provocado que en esta escuela no haya comenzado el ciclo escolar, lo que afecta a m\u00e1s de 500 estudiantes, sin que ninguna autoridad intervenga.<\/p>\n\n\n\n<figure class=\"wp-block-embed\"><div class=\"wp-block-embed__wrapper\">\nhttps:\/\/x.com\/ZonaRoja_Oaxaca\/status\/1701283449842086278?s=20\n<\/div><\/figure>\n\n\n\n<p>Por ello, los manifestantes de este lunes demandaron que el Instituto de Educaci\u00f3n P\u00fablica de Oaxaca, Secretar\u00eda de Gobierno y la Secci\u00f3n 22 del SNTE pongan inter\u00e9s y atiendan el caso para que se respeten los derechos laborales y educativos.<\/p>\n\n\n\n<p>En contraparte, los tutores que exigieron cuentas claras, tambi\u00e9n se manifestaron ayer en Villa de Etla y realizaron una marcha para exigir al IEEPO la inmediata soluci\u00f3n a la sustituci\u00f3n de plantilla docente para que se registre el inicio de clases.<\/p>\n\n\n\n<p>Por otra parte, en Santiago Pinotepa Nacional, un grupo de pobladores de Santa Mar\u00eda Huazolotitl\u00e1n, encabezado por su presidenta Vilma Reyes Mart\u00ednez, protest\u00f3 en la sede de la Comisi\u00f3n Federal de Electricidad (CFE).<\/p>\n\n\n\n<p>Lo anterior con la finalidad de exigir un servicio el\u00e9ctrico eficiente, pues constantemente hay fallas en el servicio, pero para colmo con cobros excesivos. La manifestaci\u00f3n dur\u00f3 al menos dos horas.<\/p>\n","protected":false},"excerpt":{"rendered":"<p>Yuridiana Sosa\/Zona Roja. Oaxaca de Ju\u00e1rez, Oax.,a 11 de septiembre de 2023.- Una vez m\u00e1s,&hellip;<\/p>\n","protected":false},"author":2,"featured_media":59758,"comment_status":"closed","ping_status":"open","sticky":false,"template":"","format":"standard","meta":{"_lmt_disableupdate":"","_lmt_disable":"","_jetpack_memberships_contains_paid_content":false,"footnotes":""},"categories":[109,47],"tags":[2254],"class_list":["post-59757","post","type-post","status-publish","format-standard","has-post-thumbnail","hentry","category-minuto-a-minuto","category-zona-gris","tag-protestas-y-bloqueos-oaxaca"],"jetpack_featured_media_url":"https:\/\/zonaroja.com.mx\/wp-content\/uploads\/2023\/09\/Protestas-en-Oaxaca.jpg","jetpack_sharing_enabled":true,"_links":{"self":[{"href":"https:\/\/zonaroja.com.mx\/index.php?rest_route=\/wp\/v2\/posts\/59757","targetHints":{"allow":["GET"]}}],"collection":[{"href":"https:\/\/zonaroja.com.mx\/index.php?rest_route=\/wp\/v2\/posts"}],"about":[{"href":"https:\/\/zonaroja.com.mx\/index.php?rest_route=\/wp\/v2\/types\/post"}],"author":[{"embeddable":true,"href":"https:\/\/zonaroja.com.mx\/index.php?rest_route=\/wp\/v2\/users\/2"}],"replies":[{"embeddable":true,"href":"https:\/\/zonaroja.com.mx\/index.php?rest_route=%2Fwp%2Fv2%2Fcomments&post=59757"}],"version-history":[{"count":1,"href":"https:\/\/zonaroja.com.mx\/index.php?rest_route=\/wp\/v2\/posts\/59757\/revisions"}],"predecessor-version":[{"id":59759,"href":"https:\/\/zonaroja.com.mx\/index.php?rest_route=\/wp\/v2\/posts\/59757\/revisions\/59759"}],"wp:featuredmedia":[{"embeddable":true,"href":"https:\/\/zonaroja.com.mx\/index.php?rest_route=\/wp\/v2\/media\/59758"}],"wp:attachment":[{"href":"https:\/\/zonaroja.com.mx\/index.php?rest_route=%2Fwp%2Fv2%2Fmedia&parent=59757"}],"wp:term":[{"taxonomy":"category","embeddable":true,"href":"https:\/\/zonaroja.com.mx\/index.php?rest_route=%2Fwp%2Fv2%2Fcategories&post=59757"},{"taxonomy":"post_tag","embeddable":true,"href":"https:\/\/zonaroja.com.mx\/index.php?rest_route=%2Fwp%2Fv2%2Ftags&post=59757"}],"curies":[{"name":"wp","href":"https:\/\/api.w.org\/{rel}","templated":true}]}}