{"id":59760,"date":"2023-09-11T22:49:50","date_gmt":"2023-09-12T03:49:50","guid":{"rendered":"http:\/\/www.zonaroja.com.mx\/?p=59760"},"modified":"2023-09-11T22:49:53","modified_gmt":"2023-09-12T03:49:53","slug":"sigue-la-psicosis-en-el-istmo-por-narcoamenazas-y-tambien-crimenes","status":"publish","type":"post","link":"https:\/\/zonaroja.com.mx\/?p=59760","title":{"rendered":"Sigue la psicosis en el Istmo por \u201cnarcoamenazas\u201d\u2026 y tambi\u00e9n cr\u00edmenes"},"content":{"rendered":"\n<p>Ismael Garc\u00eda M.\/Zona Roja.<\/p>\n\n\n\n<p>Oaxaca de Ju\u00e1rez, Oax., a 11 de septiembre de 2023.- La psicosis en la zona norte del Istmo se intensific\u00f3 ante las \u201cnarcoamenazas\u201d en contra del transporte p\u00fablico y ahora diversos planteles han parado labores educativas, por miedo a un ataque armado.<\/p>\n\n\n\n<p>Por en\u00e9simo d\u00eda y pese a los operativos de seguridad implementados por corporaciones estatal y federal, el transporte p\u00fablico ha reducido su servicio p\u00fablico, lo cual ha perjudicado las actividades productivas de diversos municipios, entre ellos Mat\u00edas Romero, San Juan Guichicovi y El Barrio de La Soledad, por citar algunos.<\/p>\n\n\n\n<p>Aunado a ello, este lunes pararon labores diversos planteles educativos, presuntamente por \u00f3rdenes de grupos del crimen organizado. Adem\u00e1s, est\u00e1n alentando a cancelar los festejos patrios.<\/p>\n\n\n\n<p>\u201cLa inseguridad que se est\u00e1 viviendo en nuestro municipio (Mat\u00edas Romero) y la falta de transporte, ocasionan dificultades para que los alumnos se trasladen a la instituci\u00f3n. Por lo tanto, personal directivo en coordinaci\u00f3n con el comit\u00e9 de padres de familia y la representaci\u00f3n sindical tomamos la decisi\u00f3n de suspender las actividades acad\u00e9micas para los d\u00edas 12, 13 y 14 de septiembre\u201d, difundi\u00f3 hoy el Centro de Estudios de Bachillerato n\u00famero 31.<\/p>\n\n\n\n<p>Lo anterior \u201cpara salvaguardar la integridad f\u00edsica y emocional de los alumnos, esperando que se restablezca la normalidad lo m\u00e1s pronto posible\u201d, difundi\u00f3.<\/p>\n\n\n\n<p>UN ASESINADO<\/p>\n\n\n\n<p>En tanto, la ma\u00f1ana de hoy una persona del sexo masculino fue hallada muerta, presuntamente asesinada, en Juchit\u00e1n de Zaragoza.<\/p>\n\n\n\n<p>El cuerpo fue localizado en la prolongaci\u00f3n Vicente Guerrero y presentaba huellas de violencia; hab\u00eda adem\u00e1s manchas hem\u00e1ticas.<\/p>\n\n\n\n<p>Personal policiaco \u00fanicamente lleg\u00f3 a custodiar la zona y, pese a ello, los familiares de la v\u00edctima arribaron y se llevaron el cuerpo de quien posteriormente fue identificado como Alfonso O. S., quien se desempe\u00f1aba como \u201cmototortillero\u201d.<\/p>\n\n\n\n<p>Por otra parte, en el municipio de Reforma de Pineda, tambi\u00e9n en la regi\u00f3n del Istmo, sujetos armados intentaron asaltar el banco Bienestar, en la calle Benito Ju\u00e1rez; sin embargo, fueron repelidos por un elemento de seguridad, que result\u00f3 baleado y trasladado a un hospital.<\/p>\n\n\n\n<p>El uniformado federal que frustr\u00f3 el asalto fue identificado como Juan C. B., quien a\u00fan convalece, mientras que los delincuentes lograron huir.<\/p>\n\n\n\n<p>HAY OPERATIVOS<\/p>\n\n\n\n<p>A su vez, el Gobierno del Estado dio a conocer que estableci\u00f3 cinco rutas de vigilancia y seguridad que se atender\u00e1n como parte del operativo que se despliega en la regi\u00f3n del Istmo de Tehuantepec.<\/p>\n\n\n\n<p>Durante la conferencia de prensa del Gobernador Salom\u00f3n Jara Cruz, el titular de la Secretar\u00eda de Gobierno, Jes\u00fas Romero L\u00f3pez explic\u00f3 que la Ruta 1 se defini\u00f3 de Palomares a Estaci\u00f3n Mogo\u00f1\u00e9, la cual qued\u00f3 a cargo de la Guardia Nacional Sector Caminos.<\/p>\n\n\n\n<p>La Ruta 2 se estableci\u00f3 de Estaci\u00f3n Mogo\u00f1\u00e9 a San Juan Guichicovi a cargo de la Polic\u00eda Estatal, la Ruta 3 se traz\u00f3 de Estaci\u00f3n Mogo\u00f1\u00e9 al crucero de Lagunas, a cargo de la Guardia Nacional Sector Caminos.<\/p>\n\n\n\n<p>En tanto que la Ruta 4 va de Mat\u00edas Romero a Santo Domingo Petapa a cargo del 99\/o Batall\u00f3n de Infanter\u00eda y la Guardia Nacional, y la Ruta 5 se estableci\u00f3 en Mat\u00edas Romero a cargo de la Polic\u00eda Estatal, la Secretar\u00eda de Marina y la Polic\u00eda Vial Estatal.<\/p>\n\n\n\n<p>Manifest\u00f3 que en todas las rutas acompa\u00f1a la Fiscal\u00eda General de la Rep\u00fablica (FGR) y la Fiscal\u00eda General del Estado de Oaxaca (FGEO).<\/p>\n\n\n\n<p>Romero L\u00f3pez tambi\u00e9n coment\u00f3 que en grupos de WhatsApp se han registrado mensajes de amenazas de algunos transportistas dirigidos a otros transportistas, para que sean ellos quienes ofrezcan el servicio a las personas usuarias.<\/p>\n\n\n\n<p>Puntualiz\u00f3 que se mantendr\u00e1 el operativo de vigilancia para garantizar la seguridad en la regi\u00f3n del Istmo de Tehuantepec.<\/p>\n","protected":false},"excerpt":{"rendered":"<p>Ismael Garc\u00eda M.\/Zona Roja. Oaxaca de Ju\u00e1rez, Oax., a 11 de septiembre de 2023.- La&hellip;<\/p>\n","protected":false},"author":2,"featured_media":59761,"comment_status":"closed","ping_status":"open","sticky":false,"template":"","format":"standard","meta":{"_lmt_disableupdate":"","_lmt_disable":"","_jetpack_memberships_contains_paid_content":false,"footnotes":""},"categories":[109,51],"tags":[123],"class_list":["post-59760","post","type-post","status-publish","format-standard","has-post-thumbnail","hentry","category-minuto-a-minuto","category-zona-roja","tag-juchitan-de-zaragoza"],"jetpack_featured_media_url":"https:\/\/zonaroja.com.mx\/wp-content\/uploads\/2023\/09\/Asesinado-Juchitan-de-Zaragoza.jpg","jetpack_sharing_enabled":true,"_links":{"self":[{"href":"https:\/\/zonaroja.com.mx\/index.php?rest_route=\/wp\/v2\/posts\/59760","targetHints":{"allow":["GET"]}}],"collection":[{"href":"https:\/\/zonaroja.com.mx\/index.php?rest_route=\/wp\/v2\/posts"}],"about":[{"href":"https:\/\/zonaroja.com.mx\/index.php?rest_route=\/wp\/v2\/types\/post"}],"author":[{"embeddable":true,"href":"https:\/\/zonaroja.com.mx\/index.php?rest_route=\/wp\/v2\/users\/2"}],"replies":[{"embeddable":true,"href":"https:\/\/zonaroja.com.mx\/index.php?rest_route=%2Fwp%2Fv2%2Fcomments&post=59760"}],"version-history":[{"count":1,"href":"https:\/\/zonaroja.com.mx\/index.php?rest_route=\/wp\/v2\/posts\/59760\/revisions"}],"predecessor-version":[{"id":59762,"href":"https:\/\/zonaroja.com.mx\/index.php?rest_route=\/wp\/v2\/posts\/59760\/revisions\/59762"}],"wp:featuredmedia":[{"embeddable":true,"href":"https:\/\/zonaroja.com.mx\/index.php?rest_route=\/wp\/v2\/media\/59761"}],"wp:attachment":[{"href":"https:\/\/zonaroja.com.mx\/index.php?rest_route=%2Fwp%2Fv2%2Fmedia&parent=59760"}],"wp:term":[{"taxonomy":"category","embeddable":true,"href":"https:\/\/zonaroja.com.mx\/index.php?rest_route=%2Fwp%2Fv2%2Fcategories&post=59760"},{"taxonomy":"post_tag","embeddable":true,"href":"https:\/\/zonaroja.com.mx\/index.php?rest_route=%2Fwp%2Fv2%2Ftags&post=59760"}],"curies":[{"name":"wp","href":"https:\/\/api.w.org\/{rel}","templated":true}]}}