{"id":59765,"date":"2023-09-12T09:30:00","date_gmt":"2023-09-12T14:30:00","guid":{"rendered":"http:\/\/www.zonaroja.com.mx\/?p=59765"},"modified":"2023-09-12T08:05:58","modified_gmt":"2023-09-12T13:05:58","slug":"sentencia-a-21-anos-de-prision-a-homicida-de-cuyamecalco-oaxaca","status":"publish","type":"post","link":"https:\/\/zonaroja.com.mx\/?p=59765","title":{"rendered":"Sentencia a 21 a\u00f1os de prisi\u00f3n a homicida de Cuyamecalco, Oaxaca"},"content":{"rendered":"\n<p>Redacci\u00f3n\/Zona Roja.<\/p>\n\n\n\n<p>Oaxaca de Ju\u00e1rez, Oax., a 12 de septiembre de 2023.-&nbsp;La Fiscal\u00eda General del Estado de Oaxaca (FGEO) obtuvo una sentencia condenatoria de 21 a\u00f1os con nueve meses de prisi\u00f3n contra una persona del sexo masculino identificado como E.C.C., responsable del delito de homicidio simple, cometido en agravio de S.S., en hechos ocurridos en la regi\u00f3n de la Sierra de Flores Mag\u00f3n.<\/p>\n\n\n\n<p>De acuerdo con la causa penal del caso, los sucesos ocurrieron el 16 de enero de 2021, cuando la v\u00edctima circulaba a bordo de una camioneta por calles de la localidad de Buenos Aires, en el municipio de Cuyamecalco Villa de Zaragoza, momento en que se estacion\u00f3 y fue agredido con un palo con el que fue golpeado en distintas partes del cuerpo a la v\u00edctima, a consecuencia de dichas lesiones, la v\u00edctima perdi\u00f3 la vida.&nbsp;<\/p>\n\n\n\n<p>Ante los hechos, la Vicefiscal\u00eda General de Control Regional atrajo las investigaciones del caso, las cuales permitieron la detenci\u00f3n de E.C.C., quien fue presentado ante el Juez que, luego de evaluar las pruebas aportadas por la FGEO, dict\u00f3 sentencia condenatoria de 21 a\u00f1os con nueve meses de prisi\u00f3n en contra del responsable e impuso el pago de m\u00e1s de 448 mil pesos por el concepto de pago de reparaci\u00f3n del da\u00f1o por el delito de homicidio simple, a favor de la v\u00edctima indirecta.<\/p>\n\n\n\n<p>El trabajo de la Fiscal\u00eda tiene como primer objetivo que las v\u00edctimas tengan el acceso pleno a la justicia y la reparaci\u00f3n integral del da\u00f1o.<\/p>\n\n\n\n<p>HOMICIDA VINCULADO<\/p>\n\n\n\n<p>Por otra parte, la Fiscal\u00eda General del Estado obtuvo auto de vinculaci\u00f3n a proceso en contra de una persona del sexo masculino identificada como V. J. P., por el delito homicidio calificado con ventaja, en hechos ocurridos en la regi\u00f3n de la Costa.&nbsp;<\/p>\n\n\n\n<p>De acuerdo con el expediente penal, el 24 de agosto del 2023 la v\u00edctima identificada como R.M.M. sali\u00f3 de su domicilio a bordo de su camioneta con destino a Santa Cruz Huatulco, pero nunca lleg\u00f3, por lo que fue reportado como no localizado.<\/p>\n\n\n\n<p>Ante la ausencia de R. M. M., su familia decidi\u00f3 denunciar la desaparici\u00f3n ante la FGEO, por lo que la Vicefiscal\u00eda Regional de la Costa emiti\u00f3 una ficha de b\u00fasqueda y realiz\u00f3 las labores de rastreo correspondientes para dar con su paradero.<\/p>\n\n\n\n<p>Derivado de las labores de investigaci\u00f3n, la Fiscal\u00eda localiz\u00f3 el veh\u00edculo en el que vieron por \u00faltima vez a la v\u00edctima el 29 de agosto, y dando seguimiento al caso, se obtuvo la localizaci\u00f3n del cuerpo sin vida de la persona reportada como no localizada el pasado 31 de agosto.<\/p>\n\n\n\n<p>Ante ello, el 4 de septiembre se llev\u00f3 a cabo la ejecuci\u00f3n de la orden de aprehensi\u00f3n contra V.J.P., y tras las pruebas presentadas por la Vicefiscal\u00eda de la Costa, se el Juez concedi\u00f3 el auto de vinculaci\u00f3n a proceso e impuso prisi\u00f3n preventiva, adem\u00e1s otorg\u00f3 un plazo de dos meses para el cierre de la investigaci\u00f3n.<\/p>\n\n\n\n<p>La Fiscal\u00eda de Oaxaca realiza investigaciones con m\u00e9todos cient\u00edficos con el objetivo de entregar resultados eficientes para garantizar un pleno acceso a la procuraci\u00f3n de justicia de las v\u00edctimas directas e indirectas de los delitos.<\/p>\n","protected":false},"excerpt":{"rendered":"<p>Redacci\u00f3n\/Zona Roja. Oaxaca de Ju\u00e1rez, Oax., a 12 de septiembre de 2023.-&nbsp;La Fiscal\u00eda General del&hellip;<\/p>\n","protected":false},"author":2,"featured_media":48536,"comment_status":"closed","ping_status":"open","sticky":false,"template":"","format":"standard","meta":{"_lmt_disableupdate":"","_lmt_disable":"","_jetpack_memberships_contains_paid_content":false,"footnotes":""},"categories":[109,46],"tags":[494],"class_list":["post-59765","post","type-post","status-publish","format-standard","has-post-thumbnail","hentry","category-minuto-a-minuto","category-zona-blanca","tag-fiscalia-general-del-estado-de-oaxaca"],"jetpack_featured_media_url":"https:\/\/zonaroja.com.mx\/wp-content\/uploads\/2022\/11\/Carcel-prision-separos-detenido-1.jpeg","jetpack_sharing_enabled":true,"_links":{"self":[{"href":"https:\/\/zonaroja.com.mx\/index.php?rest_route=\/wp\/v2\/posts\/59765","targetHints":{"allow":["GET"]}}],"collection":[{"href":"https:\/\/zonaroja.com.mx\/index.php?rest_route=\/wp\/v2\/posts"}],"about":[{"href":"https:\/\/zonaroja.com.mx\/index.php?rest_route=\/wp\/v2\/types\/post"}],"author":[{"embeddable":true,"href":"https:\/\/zonaroja.com.mx\/index.php?rest_route=\/wp\/v2\/users\/2"}],"replies":[{"embeddable":true,"href":"https:\/\/zonaroja.com.mx\/index.php?rest_route=%2Fwp%2Fv2%2Fcomments&post=59765"}],"version-history":[{"count":1,"href":"https:\/\/zonaroja.com.mx\/index.php?rest_route=\/wp\/v2\/posts\/59765\/revisions"}],"predecessor-version":[{"id":59766,"href":"https:\/\/zonaroja.com.mx\/index.php?rest_route=\/wp\/v2\/posts\/59765\/revisions\/59766"}],"wp:featuredmedia":[{"embeddable":true,"href":"https:\/\/zonaroja.com.mx\/index.php?rest_route=\/wp\/v2\/media\/48536"}],"wp:attachment":[{"href":"https:\/\/zonaroja.com.mx\/index.php?rest_route=%2Fwp%2Fv2%2Fmedia&parent=59765"}],"wp:term":[{"taxonomy":"category","embeddable":true,"href":"https:\/\/zonaroja.com.mx\/index.php?rest_route=%2Fwp%2Fv2%2Fcategories&post=59765"},{"taxonomy":"post_tag","embeddable":true,"href":"https:\/\/zonaroja.com.mx\/index.php?rest_route=%2Fwp%2Fv2%2Ftags&post=59765"}],"curies":[{"name":"wp","href":"https:\/\/api.w.org\/{rel}","templated":true}]}}