{"id":59769,"date":"2023-09-12T11:30:00","date_gmt":"2023-09-12T16:30:00","guid":{"rendered":"http:\/\/www.zonaroja.com.mx\/?p=59769"},"modified":"2023-09-12T08:18:05","modified_gmt":"2023-09-12T13:18:05","slug":"registra-libia-mas-de-2300-muertos-por-inundaciones","status":"publish","type":"post","link":"https:\/\/zonaroja.com.mx\/?p=59769","title":{"rendered":"Registra Libia m\u00e1s de 2,300 muertos por inundaciones"},"content":{"rendered":"\n<p>Redacci\u00f3n\/Zona Roja Cdmx.<\/p>\n\n\n\n<p>Ciudad de M\u00e9xico, a 12 de septiembre de 2023.- Las inundaciones que devastaron la ciudad de Derna, en el este de Libia, dejaron m\u00e1s de 2 mil 300 muertos, dijo el portavoz de los servicios de emergencia del gobierno de Tr\u00edpoli, reconocido internacionalmente.<\/p>\n\n\n\n<p>Usama Ali, portavoz de estos servicios, que disponen de un equipo en Derna, indic\u00f3 que las inundaciones causadas por la tormenta Daniel causaron \u00abm\u00e1s de 2 mil 300 muertos\u00bb y unos 7 mil heridos, y m\u00e1s de 5 mil personas est\u00e1n desaparecidas.<\/p>\n\n\n\n<p>Entre las v\u00edctimas hay tres voluntarios de la Media Luna Roja libia que ayudaban a personas afectadas por las inundaciones, indic\u00f3 este martes la Federaci\u00f3n Internacional de Sociedades de la Cruz Roja y de la Media Luna Roja (FICR).<\/p>\n\n\n\n<p>Calificada por los expertos como un fen\u00f3meno \u00abextremo en t\u00e9rminos de cantidad de agua ca\u00edda\u00bb, la tormenta Daniel afect\u00f3 en los \u00faltimos d\u00edas Grecia, Turqu\u00eda y Bulgaria, con un saldo de 27 muertos.<\/p>\n\n\n\n<p>El este de Libia alberga los principales yacimientos y terminales petrol\u00edferas. La Compa\u00f1\u00eda Nacional de Petr\u00f3leo (NOC) ha declarado el \u00abestado de m\u00e1xima alerta\u00bb y \u00absuspendido los vuelos\u00bb entre los centros de producci\u00f3n, donde la actividad se ha reducido dr\u00e1sticamente.<\/p>\n\n\n\n<p>(Informaci\u00f3n de AFP en \u201cEl Universal\u201d)<\/p>\n","protected":false},"excerpt":{"rendered":"<p>Redacci\u00f3n\/Zona Roja Cdmx. Ciudad de M\u00e9xico, a 12 de septiembre de 2023.- Las inundaciones que&hellip;<\/p>\n","protected":false},"author":2,"featured_media":59770,"comment_status":"closed","ping_status":"open","sticky":false,"template":"","format":"standard","meta":{"_lmt_disableupdate":"","_lmt_disable":"","_jetpack_memberships_contains_paid_content":false,"footnotes":""},"categories":[109,47],"tags":[],"class_list":["post-59769","post","type-post","status-publish","format-standard","has-post-thumbnail","hentry","category-minuto-a-minuto","category-zona-gris"],"jetpack_featured_media_url":"https:\/\/zonaroja.com.mx\/wp-content\/uploads\/2023\/09\/Lluvias-e-inundaciones-Libia.jpeg","jetpack_sharing_enabled":true,"_links":{"self":[{"href":"https:\/\/zonaroja.com.mx\/index.php?rest_route=\/wp\/v2\/posts\/59769","targetHints":{"allow":["GET"]}}],"collection":[{"href":"https:\/\/zonaroja.com.mx\/index.php?rest_route=\/wp\/v2\/posts"}],"about":[{"href":"https:\/\/zonaroja.com.mx\/index.php?rest_route=\/wp\/v2\/types\/post"}],"author":[{"embeddable":true,"href":"https:\/\/zonaroja.com.mx\/index.php?rest_route=\/wp\/v2\/users\/2"}],"replies":[{"embeddable":true,"href":"https:\/\/zonaroja.com.mx\/index.php?rest_route=%2Fwp%2Fv2%2Fcomments&post=59769"}],"version-history":[{"count":1,"href":"https:\/\/zonaroja.com.mx\/index.php?rest_route=\/wp\/v2\/posts\/59769\/revisions"}],"predecessor-version":[{"id":59771,"href":"https:\/\/zonaroja.com.mx\/index.php?rest_route=\/wp\/v2\/posts\/59769\/revisions\/59771"}],"wp:featuredmedia":[{"embeddable":true,"href":"https:\/\/zonaroja.com.mx\/index.php?rest_route=\/wp\/v2\/media\/59770"}],"wp:attachment":[{"href":"https:\/\/zonaroja.com.mx\/index.php?rest_route=%2Fwp%2Fv2%2Fmedia&parent=59769"}],"wp:term":[{"taxonomy":"category","embeddable":true,"href":"https:\/\/zonaroja.com.mx\/index.php?rest_route=%2Fwp%2Fv2%2Fcategories&post=59769"},{"taxonomy":"post_tag","embeddable":true,"href":"https:\/\/zonaroja.com.mx\/index.php?rest_route=%2Fwp%2Fv2%2Ftags&post=59769"}],"curies":[{"name":"wp","href":"https:\/\/api.w.org\/{rel}","templated":true}]}}