{"id":59772,"date":"2023-09-12T12:31:00","date_gmt":"2023-09-12T17:31:00","guid":{"rendered":"http:\/\/www.zonaroja.com.mx\/?p=59772"},"modified":"2023-09-12T08:38:13","modified_gmt":"2023-09-12T13:38:13","slug":"gana-corto-las-nubes-son-de-musica-con-banda-de-ayutla-premio-ariel","status":"publish","type":"post","link":"https:\/\/zonaroja.com.mx\/?p=59772","title":{"rendered":"Gana corto \u201cLas nubes son de m\u00fasica\u201d, con banda de Ayutla, premio Ariel"},"content":{"rendered":"\n<p>Yuridiana Sosa\/Zona Roja.<\/p>\n\n\n\n<p>Oaxaca de Ju\u00e1rez, Oax., a 12 de septiembre de 2023.- El documental basado en la banda filarm\u00f3nica de San Pedro y San Pablo Ayutla, \u201cLas nubes son de m\u00fasica\u201d, recibi\u00f3 el Premio Ariel como el mejor cortometraje, durante la 65 edici\u00f3n de la ceremonia de la Academia Mexicana de las Artes y las Ciencias Cinematogr\u00e1ficas, el pasado 9 de septiembre.<\/p>\n\n\n\n<p>\u201cCuando hay tristeza y alegr\u00eda hay banda\u201d, \u201cMorir sin m\u00fasica no es de Dios\u201d y \u201cCuando a la familia le quitan su m\u00fasica o su agua, o su ma\u00edz, muere\u201d, son parte de las expresiones que los habitantes de Ayutla Mixe, comparten en el cortometraje realizado por el director Enrique Garc\u00eda Meza.<\/p>\n\n\n\n<p>El corto-documental narra la importancia de la m\u00fasica en Brandon, un adolescente que a su corta edad aprendi\u00f3 a componer m\u00fasica, sones; junto a su historia se encuentra la de su abuela, do\u00f1a Luciana, Don Fidel y Adenelly.<\/p>\n\n\n\n<p>Todos ellos tambi\u00e9n recordaron el dif\u00edcil momento que pas\u00f3 la poblaci\u00f3n cuando en diciembre de 2019 les robaron sus instrumentos musicales, lo que signific\u00f3 una p\u00e9rdida invaluable, no s\u00f3lo por el material, sino por el silencio que se sinti\u00f3 en la comunidad, un pueblo donde la m\u00fasica lo es casi todo.<\/p>\n\n\n\n<figure class=\"wp-block-embed\"><div class=\"wp-block-embed__wrapper\">\nhttps:\/\/x.com\/ZonaRoja_Oaxaca\/status\/1701390320221422071?s=20\n<\/div><\/figure>\n\n\n\n<p>El defensor de derechos humanos, Joaqu\u00edn Galv\u00e1n, comparti\u00f3 que fue ese hecho, uno de los diversos proyectos que se generaron luego del robo de instrumentos a nuestra banda Filarm\u00f3nica.<\/p>\n\n\n\n<p>En 25 minutos, el guionista y productor mexicano ofrece la profunda visi\u00f3n y sentimientos de los mixes por la m\u00fasica. Los ancianos, desde su lengua materna, manifestaron su amor por la m\u00fasica de banda y los j\u00f3venes sus anhelos por seguir con lo que se ha convertido en una herencia en vida.<\/p>\n\n\n\n<p>\u201cHace muchos a\u00f1os alguien le ense\u00f1\u00f3 a alguien a tocar instrumentos de cuerda y ese alguien ense\u00f1\u00f3 a leer m\u00fasica, porque alguien escribi\u00f3 m\u00fasica\u201d, \u201cLos o\u00eddos no entienden de lenguas, pero los o\u00eddos s\u00ed entienden de m\u00fasica\u201d, son las palabras sabias que comparten los mixes.<\/p>\n\n\n\n<p>El cortometraje muestra los bellos panoramas de Ayutla, con sus calles y paisajes naturales cubiertos de la blanca y fr\u00eda neblina, de donde surgen grandes m\u00fasicos y de donde las nuevas generaciones alimentan a la actual banda filarm\u00f3nica.<\/p>\n\n\n\n<p>El trabajo de Garc\u00eda Meza, realizado en 2022, se estren\u00f3 el 22 de agosto de ese a\u00f1o, y recibi\u00f3 el apoyo del Instituto Mexicano de Cinematograf\u00eda a trav\u00e9s del programa Fomento al Cine Mexicano; Secretar\u00eda de las Culturas y el Instituto Estatal de Cultura de Guanajuato.&nbsp;<\/p>\n","protected":false},"excerpt":{"rendered":"<p>Yuridiana Sosa\/Zona Roja. Oaxaca de Ju\u00e1rez, Oax., a 12 de septiembre de 2023.- El documental&hellip;<\/p>\n","protected":false},"author":2,"featured_media":59773,"comment_status":"closed","ping_status":"open","sticky":false,"template":"","format":"standard","meta":{"_lmt_disableupdate":"","_lmt_disable":"","_jetpack_memberships_contains_paid_content":false,"footnotes":""},"categories":[109,46],"tags":[],"class_list":["post-59772","post","type-post","status-publish","format-standard","has-post-thumbnail","hentry","category-minuto-a-minuto","category-zona-blanca"],"jetpack_featured_media_url":"https:\/\/zonaroja.com.mx\/wp-content\/uploads\/2023\/09\/Premio-Ariel-cortometraje-Ayutla.jpg","jetpack_sharing_enabled":true,"_links":{"self":[{"href":"https:\/\/zonaroja.com.mx\/index.php?rest_route=\/wp\/v2\/posts\/59772","targetHints":{"allow":["GET"]}}],"collection":[{"href":"https:\/\/zonaroja.com.mx\/index.php?rest_route=\/wp\/v2\/posts"}],"about":[{"href":"https:\/\/zonaroja.com.mx\/index.php?rest_route=\/wp\/v2\/types\/post"}],"author":[{"embeddable":true,"href":"https:\/\/zonaroja.com.mx\/index.php?rest_route=\/wp\/v2\/users\/2"}],"replies":[{"embeddable":true,"href":"https:\/\/zonaroja.com.mx\/index.php?rest_route=%2Fwp%2Fv2%2Fcomments&post=59772"}],"version-history":[{"count":1,"href":"https:\/\/zonaroja.com.mx\/index.php?rest_route=\/wp\/v2\/posts\/59772\/revisions"}],"predecessor-version":[{"id":59774,"href":"https:\/\/zonaroja.com.mx\/index.php?rest_route=\/wp\/v2\/posts\/59772\/revisions\/59774"}],"wp:featuredmedia":[{"embeddable":true,"href":"https:\/\/zonaroja.com.mx\/index.php?rest_route=\/wp\/v2\/media\/59773"}],"wp:attachment":[{"href":"https:\/\/zonaroja.com.mx\/index.php?rest_route=%2Fwp%2Fv2%2Fmedia&parent=59772"}],"wp:term":[{"taxonomy":"category","embeddable":true,"href":"https:\/\/zonaroja.com.mx\/index.php?rest_route=%2Fwp%2Fv2%2Fcategories&post=59772"},{"taxonomy":"post_tag","embeddable":true,"href":"https:\/\/zonaroja.com.mx\/index.php?rest_route=%2Fwp%2Fv2%2Ftags&post=59772"}],"curies":[{"name":"wp","href":"https:\/\/api.w.org\/{rel}","templated":true}]}}