{"id":59778,"date":"2023-09-12T13:30:00","date_gmt":"2023-09-12T18:30:00","guid":{"rendered":"http:\/\/www.zonaroja.com.mx\/?p=59778"},"modified":"2023-09-12T08:59:23","modified_gmt":"2023-09-12T13:59:23","slug":"obligan-a-edil-martinez-neri-a-entregar-informacion-sobre-pagos-por-basura","status":"publish","type":"post","link":"https:\/\/zonaroja.com.mx\/?p=59778","title":{"rendered":"Obligan a edil Mart\u00ednez Neri a entregar informaci\u00f3n sobre pagos por basura"},"content":{"rendered":"\n<p>Redacci\u00f3n\/Estado 20.<\/p>\n\n\n\n<p>Oaxaca de Ju\u00e1rez, Oax., a 12 de septiembre de 2023.- El presidente municipal de Oaxaca de Ju\u00e1rez, Francisco Mart\u00ednez Neri, tiene hasta este 19 de septiembre de 2023 para entregar la informaci\u00f3n sobre contratos de alquiler de camiones de recolecci\u00f3n de basura que le fue solicitada por un ciudadano en el mes de abril, y que la administraci\u00f3n municipal se ha negado a entregar hasta el punto de clasificarla como informaci\u00f3n reservada por los siguientes cinco a\u00f1os.<\/p>\n\n\n\n<p>Obligaci\u00f3n que ha sido mandatada por el consejo del \u00d3rgano Garante de Acceso a la Informaci\u00f3n P\u00fablica, Transparencia, Protecci\u00f3n de Datos Personales y Buen Gobierno del Estado de Oaxaca (OGAIPO), en sesi\u00f3n del pasado 4 de agosto, en la que con cuatro votos a favor y uno en contra se dio respuesta al recurso de revisi\u00f3n 428\/202023.&nbsp;<\/p>\n\n\n\n<p>En el cual se detalla como un particular solicit\u00f3 al municipio de Oaxaca de Ju\u00e1rez que proporcionara los contratos de las empresas asignadas para el traslado de la basura de la ciudad, a lo que conoci\u00f3 una negativa en la que el gobierno municipal pretexto tener problemas para procesar la informaci\u00f3n. A lo que el solicitante recalc\u00f3 que se trata de informaci\u00f3n publica.<\/p>\n\n\n\n<p>La respuesta que vino entonces por parte de la administraci\u00f3n de Oaxaca de Ju\u00e1rez es que el monto de los contratos ascend\u00eda a una derogaci\u00f3n de 55 millones de pesos al mes. Manteni\u00e9ndose en su decisi\u00f3n de nos transparentar esta informaci\u00f3n con documentos, el edil Francisco Mart\u00ednez Neri respondi\u00f3 que se trataba de informaci\u00f3n reservada, pues se le pod\u00eda infringir un da\u00f1o a las empresas si se hacia p\u00fablico lo que se les hab\u00eda pagado, por lo que tambi\u00e9n se le pod\u00eda asestar un da\u00f1o irreversible al servicio de recolecci\u00f3n de basura en s\u00ed, pues la empresa podr\u00eda dejar de dar el servicio en el caso de que su nombre se haga p\u00fablico y por lo tanto el servicio y en consecuencia la ciudadan\u00eda podr\u00eda verse profundamente afectada.<\/p>\n\n\n\n<p>En entrevista, el presidente comisionado de la OGAIPO, Josu\u00e9 Solana Salmor\u00e1n, coment\u00f3 que el consejo a su cargo determin\u00f3 que la naturaleza de los contratos es p\u00fablica y que si bien el municipio como tal podr\u00eda reservar parcialmente datos sensibles de las empresas, no pod\u00eda hacer lo mismo con los montos de dinero que se pagaron con dinero p\u00fablico, el propio nombre de la empresa y el periodo en el que el servicio se ha venido prestando.&nbsp;<\/p>\n\n\n\n<p>\u201cEsa informaci\u00f3n se tiene que entregar pues as\u00ed lo marca la ley de transparencia. \u00bfQue empresas son? \u00bfCuando se firmaron los contratos? \u00bfQuienes los firmaron? \u00bfBajo que procedimientos se asignaron?\u201d, destac\u00f3 el funcionario del \u00f3rgano p\u00fablico desconcentrado.<\/p>\n\n\n\n<p>Solana Salmor\u00e1n explic\u00f3 que la administraci\u00f3n de Francisco Mart\u00ednez Neri tiene hasta el 19 de septiembre para cumplir con la entrega de esta informaci\u00f3n, y que en caso de no hacerlo se har\u00e1 acreedor a una amonestaci\u00f3n p\u00fablica que permita acceder a la informaci\u00f3n pedida.&nbsp;<\/p>\n\n\n\n<p>Si la negativa se mantiene vendr\u00eda una multa econ\u00f3mica de poco m\u00e1s de treinta mil pesos, y si aun as\u00ed la negaci\u00f3n de acceso a la informaci\u00f3n no cambia, el caso se turnar\u00eda al Congreso del Estado de Oaxaca, lo cual podr\u00eda ser posible causal para que puedan revocarle el mandato al presidente municipal y alguno de sus regidores.<\/p>\n","protected":false},"excerpt":{"rendered":"<p>Redacci\u00f3n\/Estado 20. Oaxaca de Ju\u00e1rez, Oax., a 12 de septiembre de 2023.- El presidente municipal&hellip;<\/p>\n","protected":false},"author":2,"featured_media":59172,"comment_status":"closed","ping_status":"open","sticky":false,"template":"","format":"standard","meta":{"_lmt_disableupdate":"","_lmt_disable":"","_jetpack_memberships_contains_paid_content":false,"footnotes":""},"categories":[109,47],"tags":[2418],"class_list":["post-59778","post","type-post","status-publish","format-standard","has-post-thumbnail","hentry","category-minuto-a-minuto","category-zona-gris","tag-francisco-martinez-neri"],"jetpack_featured_media_url":"https:\/\/zonaroja.com.mx\/wp-content\/uploads\/2023\/08\/Francisco-Martinez-Neri.jpg","jetpack_sharing_enabled":true,"_links":{"self":[{"href":"https:\/\/zonaroja.com.mx\/index.php?rest_route=\/wp\/v2\/posts\/59778","targetHints":{"allow":["GET"]}}],"collection":[{"href":"https:\/\/zonaroja.com.mx\/index.php?rest_route=\/wp\/v2\/posts"}],"about":[{"href":"https:\/\/zonaroja.com.mx\/index.php?rest_route=\/wp\/v2\/types\/post"}],"author":[{"embeddable":true,"href":"https:\/\/zonaroja.com.mx\/index.php?rest_route=\/wp\/v2\/users\/2"}],"replies":[{"embeddable":true,"href":"https:\/\/zonaroja.com.mx\/index.php?rest_route=%2Fwp%2Fv2%2Fcomments&post=59778"}],"version-history":[{"count":1,"href":"https:\/\/zonaroja.com.mx\/index.php?rest_route=\/wp\/v2\/posts\/59778\/revisions"}],"predecessor-version":[{"id":59779,"href":"https:\/\/zonaroja.com.mx\/index.php?rest_route=\/wp\/v2\/posts\/59778\/revisions\/59779"}],"wp:featuredmedia":[{"embeddable":true,"href":"https:\/\/zonaroja.com.mx\/index.php?rest_route=\/wp\/v2\/media\/59172"}],"wp:attachment":[{"href":"https:\/\/zonaroja.com.mx\/index.php?rest_route=%2Fwp%2Fv2%2Fmedia&parent=59778"}],"wp:term":[{"taxonomy":"category","embeddable":true,"href":"https:\/\/zonaroja.com.mx\/index.php?rest_route=%2Fwp%2Fv2%2Fcategories&post=59778"},{"taxonomy":"post_tag","embeddable":true,"href":"https:\/\/zonaroja.com.mx\/index.php?rest_route=%2Fwp%2Fv2%2Ftags&post=59778"}],"curies":[{"name":"wp","href":"https:\/\/api.w.org\/{rel}","templated":true}]}}