{"id":5978,"date":"2019-11-22T16:15:00","date_gmt":"2019-11-22T22:15:00","guid":{"rendered":"https:\/\/www.zonaroja.com.mx\/?p=5978"},"modified":"2019-11-22T16:15:02","modified_gmt":"2019-11-22T22:15:02","slug":"presentan-queja-pobladores-de-xoxocotlan-ante-ddhpo-reitera-medidas-cautelares","status":"publish","type":"post","link":"https:\/\/zonaroja.com.mx\/?p=5978","title":{"rendered":"Presentan queja pobladores de Xoxocotl\u00e1n ante DDHPO;\u00a0reitera medidas cautelares"},"content":{"rendered":"\n<p class=\"MsoNormal\">&nbsp;Redacci\u00f3n\/Zona Roja.<\/p>\n\n\n\n<p class=\"MsoNormal\">Oaxaca de Ju\u00e1rez, Oax., 22 de noviembre de 2019.- Pobladores de Santa Cruz Xoxocotl\u00e1n desalojados del predio \u201cLos Mangales\u201d el pasado 19 de noviembre, presentaron una queja ante la Defensor\u00eda de los Derechos Humanos del Pueblo de Oaxaca (DDHPO), por lo que el \u00f3rgano aut\u00f3nomo refrend\u00f3 las medidas cautelares otorgadas.<\/p>\n\n\n\n<p class=\"MsoNormal\">Los comparecientes se\u00f1alaron violaciones a sus derechos humanos durante los hechos violentos con saldo de una persona muerta y casas quemadas, ocurridos en d\u00edas pasados, inform\u00f3 el organismo a trav\u00e9s de un comunicado.<\/p>\n\n\n\n<p class=\"MsoNormal\">Los pobladores indicaron posibles omisiones de cuerpos de seguridad que afirmaron, estuvieron presentes durante la agresi\u00f3n sin que interviniera para tratar de evitar la violencia y actos irreparables como la muerte de uno de sus vecinos, insistieron.<\/p>\n\n\n\n<p class=\"MsoNormal\">Ante ello, la Defensor\u00eda&nbsp;en el expediente DDHPO\/2351\/(01)\/OAX\/2019&nbsp;solicit\u00f3 informaci\u00f3n a la autoridad municipal, Secretar\u00eda de Seguridad P\u00fablica (SSP) y&nbsp;&nbsp;a la Secretar\u00eda General de Gobierno (Segego) respecto a su actuaci\u00f3n en este conflicto.<\/p>\n\n\n\n<p class=\"MsoNormal\">De la misma forma, pidi\u00f3 la colaboraci\u00f3n de autoridades federales de la Procuradur\u00eda Agraria y al Instituto Nacional de Antropolog\u00eda e Historia (INAH), al ser se\u00f1alados por las familias de haber motivado los hechos.<\/p>\n\n\n\n<p class=\"MsoNormal\">El \u00f3rgano aut\u00f3nomo investigar\u00e1 las posibles violaciones a los derechos humanos indicados&nbsp; por los comparecientes, por lo que una vez concluidas se pronunciar\u00e1 al respecto.<\/p>\n\n\n\n<p class=\"MsoNormal\">La DDHPO considera fundamental y prioritario que las autoridades se conduzcan en cumplimento y apego al respeto a los derechos humanos, lo que permitir\u00e1 la construcci\u00f3n de sociedades respetuosas.&nbsp; Adem\u00e1s de fomentar el di\u00e1logo entre las partes involucradas para evitar la repetici\u00f3n de hechos violentos.<\/p>\n\n\n\n<p class=\"MsoNormal\">Y es que para la DDHPO,&nbsp; la cultura de paz se edifica sobre las bases del respeto, di\u00e1logo y la renuncia a la violencia como m\u00e9todo de soluci\u00f3n de conflictos,&nbsp; labor que corresponde de manera rec\u00edproca tanto a las autoridades y a la sociedad en su conjunto.<\/p>\n\n\n\n<p class=\"MsoNormal\">De la misma forma, la Defensor\u00eda se pronunci\u00f3 por el acceso a la justicia para evitar la repetici\u00f3n de los hechos y la reparaci\u00f3n del da\u00f1o.&nbsp;<\/p>\n\n\n\n<p><\/p>\n","protected":false},"excerpt":{"rendered":"<p>&nbsp;Redacci\u00f3n\/Zona Roja. Oaxaca de Ju\u00e1rez, Oax., 22 de noviembre de 2019.- Pobladores de Santa Cruz&hellip;<\/p>\n","protected":false},"author":2,"featured_media":5977,"comment_status":"closed","ping_status":"open","sticky":false,"template":"","format":"standard","meta":{"_lmt_disableupdate":"","_lmt_disable":"","_jetpack_memberships_contains_paid_content":false,"footnotes":""},"categories":[109,47],"tags":[133],"class_list":["post-5978","post","type-post","status-publish","format-standard","has-post-thumbnail","hentry","category-minuto-a-minuto","category-zona-gris","tag-santa-cruz-xoxocotlan"],"jetpack_featured_media_url":"https:\/\/zonaroja.com.mx\/wp-content\/uploads\/2019\/11\/ezy-watermark_20-11-2019_12-37-43p.-m.-1.jpg","jetpack_sharing_enabled":true,"_links":{"self":[{"href":"https:\/\/zonaroja.com.mx\/index.php?rest_route=\/wp\/v2\/posts\/5978","targetHints":{"allow":["GET"]}}],"collection":[{"href":"https:\/\/zonaroja.com.mx\/index.php?rest_route=\/wp\/v2\/posts"}],"about":[{"href":"https:\/\/zonaroja.com.mx\/index.php?rest_route=\/wp\/v2\/types\/post"}],"author":[{"embeddable":true,"href":"https:\/\/zonaroja.com.mx\/index.php?rest_route=\/wp\/v2\/users\/2"}],"replies":[{"embeddable":true,"href":"https:\/\/zonaroja.com.mx\/index.php?rest_route=%2Fwp%2Fv2%2Fcomments&post=5978"}],"version-history":[{"count":1,"href":"https:\/\/zonaroja.com.mx\/index.php?rest_route=\/wp\/v2\/posts\/5978\/revisions"}],"predecessor-version":[{"id":5979,"href":"https:\/\/zonaroja.com.mx\/index.php?rest_route=\/wp\/v2\/posts\/5978\/revisions\/5979"}],"wp:featuredmedia":[{"embeddable":true,"href":"https:\/\/zonaroja.com.mx\/index.php?rest_route=\/wp\/v2\/media\/5977"}],"wp:attachment":[{"href":"https:\/\/zonaroja.com.mx\/index.php?rest_route=%2Fwp%2Fv2%2Fmedia&parent=5978"}],"wp:term":[{"taxonomy":"category","embeddable":true,"href":"https:\/\/zonaroja.com.mx\/index.php?rest_route=%2Fwp%2Fv2%2Fcategories&post=5978"},{"taxonomy":"post_tag","embeddable":true,"href":"https:\/\/zonaroja.com.mx\/index.php?rest_route=%2Fwp%2Fv2%2Ftags&post=5978"}],"curies":[{"name":"wp","href":"https:\/\/api.w.org\/{rel}","templated":true}]}}