{"id":59783,"date":"2023-09-12T11:09:00","date_gmt":"2023-09-12T16:09:00","guid":{"rendered":"http:\/\/www.zonaroja.com.mx\/?p=59783"},"modified":"2023-09-12T09:10:34","modified_gmt":"2023-09-12T14:10:34","slug":"movimiento-por-ella-por-todas-presenta-agenda-de-las-mujeres","status":"publish","type":"post","link":"https:\/\/zonaroja.com.mx\/?p=59783","title":{"rendered":"Movimiento \u201cPor ella, por todas\u201d, presenta agenda de las mujeres"},"content":{"rendered":"\n<p>Redacci\u00f3n\/Zona Roja.<\/p>\n\n\n\n<p>Oaxaca de Ju\u00e1rez, Oax., a 12 de septiembre de 2023.- En respuesta al llamado que hizo la Coordinadora Nacional de Defensa de la Transformaci\u00f3n, Claudia Sheinbaum Pardo, el Frente Nacional de Mujeres \u201cPor ella, Por Todas\u201d se sum\u00f3 al proyecto de continuidad de la Cuarta Transformaci\u00f3n y present\u00f3 la agenda feminista que busca poner en el centro los derechos de ni\u00f1as, adolescentes y mujeres del pa\u00eds.<\/p>\n\n\n\n<p>\u201cQueremos mandar un mensaje, doctora Claudia, le tomamos la palabra porque sabemos que el cambio y la transformaci\u00f3n de M\u00e9xico trasciende las fronteras partidistas, las causas de las mujeres est\u00e1n arriba de las fronteras partidistas y aqu\u00ed hay muchas mujeres que hemos tomado la decisi\u00f3n de sumarnos con convicci\u00f3n que creemos en usted, en su valor, en su compromiso con las mujeres mexicanas\u201d, expuso Mariana Ben\u00edtez, en representaci\u00f3n del movimiento.<\/p>\n\n\n\n<p>En conferencia de prensa en la Ciudad de M\u00e9xico, representantes del movimiento, presentaron la agenda feminista, la cual esta enfocada a garantizar los derechos de las mujeres, construido con la participaci\u00f3n de mujeres empresarias, activistas, feministas, mujeres ind\u00edgenas y afro mexicanas, acad\u00e9micas y cient\u00edficas, amas de casa y profesionistas.<\/p>\n\n\n\n<p>Los tres puntos que destac\u00f3 el movimiento son: la construcci\u00f3n de un pa\u00eds con una pol\u00edtica de Estado que erradique toda forma de violencia contra las mujeres y ni\u00f1as, as\u00ed como la violencia feminicida; construir un sistema de justicia penal con visi\u00f3n de g\u00e9nero que garantice justicia para las mujeres; y lograr un pa\u00eds que ponga en el centro de la vida p\u00fablica y de su presupuesto el ejercicio de los derechos de las mujeres y las ni\u00f1as.<\/p>\n\n\n\n<p>En el evento, estuvieron presentes diputadas, activistas, representantes de la sociedad civil y senadoras como es el caso de Olga S\u00e1nchez Cordero, quien durante su intervenci\u00f3n, hizo un llamado en\u00e9rgico para que la derecha no tome provecho del movimiento feminista, pues nunca hubo cabida para las mujeres en ese grupo pol\u00edtico.<\/p>\n\n\n\n<p>\u201cYo me hice de izquierda porque no hab\u00eda cabida de movimientos feministas en la derecha, que no se monten en estos movimientos feministas, que no se monten\u201d, exigi\u00f3, mientras que en el recinto las asistentes respondieron al grito de \u00a1Justicia!<\/p>\n\n\n\n<figure class=\"wp-block-embed\"><div class=\"wp-block-embed__wrapper\">\nhttps:\/\/x.com\/ZonaRoja_Oaxaca\/status\/1701411862049444038?s=20\n<\/div><\/figure>\n","protected":false},"excerpt":{"rendered":"<p>Redacci\u00f3n\/Zona Roja. Oaxaca de Ju\u00e1rez, Oax., a 12 de septiembre de 2023.- En respuesta al&hellip;<\/p>\n","protected":false},"author":2,"featured_media":59784,"comment_status":"closed","ping_status":"open","sticky":false,"template":"","format":"standard","meta":{"_lmt_disableupdate":"","_lmt_disable":"","_jetpack_memberships_contains_paid_content":false,"footnotes":""},"categories":[109,46],"tags":[2969],"class_list":["post-59783","post","type-post","status-publish","format-standard","has-post-thumbnail","hentry","category-minuto-a-minuto","category-zona-blanca","tag-mariana-benitez-tiburcio"],"jetpack_featured_media_url":"https:\/\/zonaroja.com.mx\/wp-content\/uploads\/2023\/09\/Mariana-Benitez-Por-ella-por-Todas.jpg","jetpack_sharing_enabled":true,"_links":{"self":[{"href":"https:\/\/zonaroja.com.mx\/index.php?rest_route=\/wp\/v2\/posts\/59783","targetHints":{"allow":["GET"]}}],"collection":[{"href":"https:\/\/zonaroja.com.mx\/index.php?rest_route=\/wp\/v2\/posts"}],"about":[{"href":"https:\/\/zonaroja.com.mx\/index.php?rest_route=\/wp\/v2\/types\/post"}],"author":[{"embeddable":true,"href":"https:\/\/zonaroja.com.mx\/index.php?rest_route=\/wp\/v2\/users\/2"}],"replies":[{"embeddable":true,"href":"https:\/\/zonaroja.com.mx\/index.php?rest_route=%2Fwp%2Fv2%2Fcomments&post=59783"}],"version-history":[{"count":1,"href":"https:\/\/zonaroja.com.mx\/index.php?rest_route=\/wp\/v2\/posts\/59783\/revisions"}],"predecessor-version":[{"id":59785,"href":"https:\/\/zonaroja.com.mx\/index.php?rest_route=\/wp\/v2\/posts\/59783\/revisions\/59785"}],"wp:featuredmedia":[{"embeddable":true,"href":"https:\/\/zonaroja.com.mx\/index.php?rest_route=\/wp\/v2\/media\/59784"}],"wp:attachment":[{"href":"https:\/\/zonaroja.com.mx\/index.php?rest_route=%2Fwp%2Fv2%2Fmedia&parent=59783"}],"wp:term":[{"taxonomy":"category","embeddable":true,"href":"https:\/\/zonaroja.com.mx\/index.php?rest_route=%2Fwp%2Fv2%2Fcategories&post=59783"},{"taxonomy":"post_tag","embeddable":true,"href":"https:\/\/zonaroja.com.mx\/index.php?rest_route=%2Fwp%2Fv2%2Ftags&post=59783"}],"curies":[{"name":"wp","href":"https:\/\/api.w.org\/{rel}","templated":true}]}}