{"id":59791,"date":"2023-09-12T20:05:23","date_gmt":"2023-09-13T01:05:23","guid":{"rendered":"http:\/\/www.zonaroja.com.mx\/?p=59791"},"modified":"2023-09-12T20:05:25","modified_gmt":"2023-09-13T01:05:25","slug":"luis-rubiales-dimite-como-presidente-de-la-real-federacion-espanola-de-futbol","status":"publish","type":"post","link":"https:\/\/zonaroja.com.mx\/?p=59791","title":{"rendered":"Luis Rubiales dimite como presidente de la Real Federaci\u00f3n Espa\u00f1ola de F\u00fatbol"},"content":{"rendered":"\n<p>Redacci\u00f3n\/Zona Roja Cdmx.<\/p>\n\n\n\n<p>Ciudad de M\u00e9xico, a 12 de septiembre de 2023.- Veinti\u00fan d\u00edas despu\u00e9s del beso a Jenni Hermoso tras la hist\u00f3rica conquista del Mundial femenino, y 15 desde la estramb\u00f3tica Asamblea extraordinaria en la que se atrincher\u00f3 en su puesto y dispar\u00f3 contra todo y contra todos, Luis Rubiales ha terminado por certificar su ca\u00edda y ha presentado este domingo su dimisi\u00f3n como presidente de la Real Federaci\u00f3n Espa\u00f1ola de F\u00fatbol (RFEF), tal y como se lo ha trasladado al actual presidente en funciones, Pedro Rocha.&nbsp;<\/p>\n\n\n\n<p>Rubiales, que lleg\u00f3 a la RFEF en mayo de 2018, ha desvelado primero su decisi\u00f3n en una entrevista en ingl\u00e9s con el periodista brit\u00e1nico Pierce Morgan. Era su primera comparecencia p\u00fablica desde su discurso en Las Rozas ante los asamble\u00edstas. Instantes despu\u00e9s, ha hecho p\u00fablico un comunicado en la red social X (antes Twitter) confirmando su renuncia.<\/p>\n\n\n\n<p>\u201cEs evidente que no podr\u00e9 volver a mi cargo. Insistir en quedarme a la espera y aferrarme a ello no va a contribuir a nada positivo, ni a la Federaci\u00f3n ni al f\u00fatbol espa\u00f1ol. Entre otras cosas, porque hay poderes f\u00e1cticos que impedir\u00e1n mi vuelta\u201d, apunta Rubiales en el escrito.&nbsp;<\/p>\n\n\n\n<p>El dirigente ha anunciado tambi\u00e9n que deja su puesto como vicepresidente de la UEFA, para el que fue elegido en 2019.<\/p>\n\n\n\n<p>En su comunicado de despedida, en el que no hay ninguna menci\u00f3n para Hermoso, el ya exdirigente asegura tambi\u00e9n que con su decisi\u00f3n busca no perjudicar al f\u00fatbol espa\u00f1ol. \u201cNo quiero que el f\u00fatbol espa\u00f1ol pueda resultar perjudicado por toda esta campa\u00f1a tan desproporcionada y, sobre todo, tomo esta decisi\u00f3n tras haberme asegurado de que mi marcha contribuir\u00e1 a la estabilidad que va a permitir que tanto Europa como \u00c1frica sigan unidas en el sue\u00f1o de 2030, que permitir\u00e1 traer a nuestro pa\u00eds el mayor evento del mundo\u201d, apunt\u00f3, justo despu\u00e9s de reivindicar su trabajo durante estos cinco a\u00f1os. \u201cAh\u00ed est\u00e1 la gesti\u00f3n de mi equipo y, sobre todo, la felicidad que me llevo por el enorme privilegio de estos m\u00e1s de 5 a\u00f1os al frente de la RFEF\u201d.<\/p>\n\n\n\n<p>Rubiales era consciente desde hace ya varias semanas que no ten\u00eda ning\u00fan tipo como dirigente. Empez\u00f3 a asumirlo cuando Hermoso se pronunci\u00f3 abiertamente en su contra y lo confirm\u00f3 con el espaldarazo de la FIFA y de todas las personas que estaba a su alrededor en la Federaci\u00f3n. Se qued\u00f3 solo y el m\u00e1ximo organismo del f\u00fatbol le suspendi\u00f3 de su toda actividad relacionada con el f\u00fatbol a nivel nacional e internacional de manera temporal, durante 90 d\u00edas. Por m\u00e1s que d\u00edas despu\u00e9s el Tribunal Administrativo del Deporte (TAD) le diese cierto aire, impidiendo que el CSD y el Gobierno procedieran a suspenderle de urgencia al considerar que cometi\u00f3 infracciones \u201cgraves\u201d y no muy graves, sab\u00eda que nunca recuperar\u00eda el cargo.<\/p>\n\n\n\n<p>CENTRADO EN DEFENDERSE<\/p>\n\n\n\n<p>Ahora, y desde ya unas semanas, Rubiales est\u00e1 centrado en preparar su defensa, tal y como ya cont\u00f3 Infobae Espa\u00f1a. Est\u00e1 empe\u00f1ado en demostrar que dice la verdad, que no existi\u00f3 ning\u00fan tipo de agresi\u00f3n y que el beso fue consentido. \u201cDebo mirar adelante, mirar al futuro. Ahora hay algo que me ocupa con firmeza. Tengo fe en la verdad y voy a hacer todo cuanto est\u00e9 en mi mano para que prevalezca. Mis hijas, mi familia y la gente que me quiere han sufrido los efectos de una persecuci\u00f3n desmedida, as\u00ed como muchas falsedades, pero tambi\u00e9n es cierto que en la calle, cada d\u00eda m\u00e1s, la verdad se est\u00e1 imponiendo\u201d, apunta<\/p>\n\n\n\n<p>Adem\u00e1s de la v\u00eda administrativa, tendr\u00e1 que hacer frente ahora al proceso penal, toda vez que la Fiscal\u00eda se querellase contra \u00e9l por agresi\u00f3n sexual y coacciones tras la declaraci\u00f3n que prest\u00f3 la jugadora en la sede de la Fiscal\u00eda General del Estado. El caso est\u00e1 ahora en manos de la Audiencia Nacional y el dirigente, atendiendo al C\u00f3digo Penal, podr\u00eda enfrentarse incluso a penas de presi\u00f3n de entre uno y cuatro a\u00f1os. Rubiales se encuentra ya preparando su defensa junto a un abogado que le cost\u00f3 encontrar, seg\u00fan pudo saber Infobae Espa\u00f1a. Sonde\u00f3 diferentes nombres y recibi\u00f3 bastantes negativas. Fuera ya del cargo al que se agarr\u00f3 y que tantas veces peligr\u00f3 y en el que se siempre se mantuvo, Rubiales sigue ir\u00e1 hasta el final para defender su verdad.<\/p>\n\n\n\n<p>(Informaci\u00f3n de Infobae)<\/p>\n","protected":false},"excerpt":{"rendered":"<p>Redacci\u00f3n\/Zona Roja Cdmx. Ciudad de M\u00e9xico, a 12 de septiembre de 2023.- Veinti\u00fan d\u00edas despu\u00e9s&hellip;<\/p>\n","protected":false},"author":2,"featured_media":59148,"comment_status":"closed","ping_status":"open","sticky":false,"template":"","format":"standard","meta":{"_lmt_disableupdate":"","_lmt_disable":"","_jetpack_memberships_contains_paid_content":false,"footnotes":""},"categories":[109,47],"tags":[3661],"class_list":["post-59791","post","type-post","status-publish","format-standard","has-post-thumbnail","hentry","category-minuto-a-minuto","category-zona-gris","tag-jenni-hermoso-futbolista-espana"],"jetpack_featured_media_url":"https:\/\/zonaroja.com.mx\/wp-content\/uploads\/2023\/08\/Jennifer-Hermoso-futbolista.jpeg","jetpack_sharing_enabled":true,"_links":{"self":[{"href":"https:\/\/zonaroja.com.mx\/index.php?rest_route=\/wp\/v2\/posts\/59791","targetHints":{"allow":["GET"]}}],"collection":[{"href":"https:\/\/zonaroja.com.mx\/index.php?rest_route=\/wp\/v2\/posts"}],"about":[{"href":"https:\/\/zonaroja.com.mx\/index.php?rest_route=\/wp\/v2\/types\/post"}],"author":[{"embeddable":true,"href":"https:\/\/zonaroja.com.mx\/index.php?rest_route=\/wp\/v2\/users\/2"}],"replies":[{"embeddable":true,"href":"https:\/\/zonaroja.com.mx\/index.php?rest_route=%2Fwp%2Fv2%2Fcomments&post=59791"}],"version-history":[{"count":1,"href":"https:\/\/zonaroja.com.mx\/index.php?rest_route=\/wp\/v2\/posts\/59791\/revisions"}],"predecessor-version":[{"id":59792,"href":"https:\/\/zonaroja.com.mx\/index.php?rest_route=\/wp\/v2\/posts\/59791\/revisions\/59792"}],"wp:featuredmedia":[{"embeddable":true,"href":"https:\/\/zonaroja.com.mx\/index.php?rest_route=\/wp\/v2\/media\/59148"}],"wp:attachment":[{"href":"https:\/\/zonaroja.com.mx\/index.php?rest_route=%2Fwp%2Fv2%2Fmedia&parent=59791"}],"wp:term":[{"taxonomy":"category","embeddable":true,"href":"https:\/\/zonaroja.com.mx\/index.php?rest_route=%2Fwp%2Fv2%2Fcategories&post=59791"},{"taxonomy":"post_tag","embeddable":true,"href":"https:\/\/zonaroja.com.mx\/index.php?rest_route=%2Fwp%2Fv2%2Ftags&post=59791"}],"curies":[{"name":"wp","href":"https:\/\/api.w.org\/{rel}","templated":true}]}}