{"id":59793,"date":"2023-09-12T21:15:00","date_gmt":"2023-09-13T02:15:00","guid":{"rendered":"http:\/\/www.zonaroja.com.mx\/?p=59793"},"modified":"2023-09-12T20:17:54","modified_gmt":"2023-09-13T01:17:54","slug":"tras-asesinato-de-fiscal-ahora-acribillan-a-delegado-de-la-fgr-en-guerrero","status":"publish","type":"post","link":"https:\/\/zonaroja.com.mx\/?p=59793","title":{"rendered":"Tras asesinato de fiscal, ahora acribillan a delegado de la FGR en Guerrero"},"content":{"rendered":"\n<p>Redacci\u00f3n\/Zona Roja Cdmx.<\/p>\n\n\n\n<p>Ciudad de M\u00e9xico, a 12 de septiembre de 2023.- A menos de una semana del asesinato de un fiscal, la ma\u00f1ana de este martes un grupo de hombres armados ejecut\u00f3 al delegado de la Fiscal\u00eda General de la Rep\u00fablica (FGR) en Guerrero, Fernando Garc\u00eda Hern\u00e1ndez, cuando circulaba en su autom\u00f3vil particular en Chilpancingo.<\/p>\n\n\n\n<p>De acuerdo con las primeras versiones, el principal funcionario de la fiscal\u00eda en la entidad viajaba solo en la unidad que no contaba con blindaje, adem\u00e1s no llevaba veh\u00edculo escolta.&nbsp;<\/p>\n\n\n\n<p>Apenas el pasado domingo se dio a conocer que el fiscal Regional en la zona de la Tierra Caliente en Guerrero, V\u00edctor Manuel Salas Cuadras, fue localizado sin vida unas horas despu\u00e9s de que fuera &#8216;levantado&#8217; por un grupo de hombres armados a fuera de su domicilio particular en la cabecera municipal de Coyuca de Catal\u00e1n, Guerrero.<\/p>\n\n\n\n<p>De acuerdo con los primeros reportes, Salas Cuadras quien tambi\u00e9n era teniente coronel militar en activo, fue privado de su libertad&nbsp;durante la tarde del s\u00e1bado cuando sal\u00eda de su domicilio, por hombres armados que se desplazaban en autom\u00f3viles de lujo y que se lo llevaron con rumbo desconocido.<\/p>\n\n\n\n<p>Horas m\u00e1s tarde, su cuerpo sin vida fue localizado con disparos de armas de fuego y visibles huellas de tortura a la orilla de la carretera federal Coyuca de Catal\u00e1n-Zir\u00e1ndaro, pero este caso no es aislado, ya que grupos del crimen organizado han procedido contra mandos en diferentes estados del pa\u00eds.<\/p>\n\n\n\n<p>En agosto pasado, en el municipio de Atenango del R\u00edo, Guerrero, fue asesinado Jes\u00fas Alberto Lara Villa, quien era coordinador de la Polic\u00eda investigadora Ministerial en la regi\u00f3n norte de la entidad.&nbsp;<\/p>\n\n\n\n<p>El mando policial fue atacado a disparos cuando encabezaba un operativo, sin embargo un grupo armado dispar\u00f3 encontrarse De Lara Villa y de polic\u00edas que lo acompa\u00f1aban a realizar una detenci\u00f3n. En el enfrentamiento, otros tres elementos policiacos resultados heridos.&nbsp;<\/p>\n\n\n\n<p>De acuerdo con la organizaci\u00f3n Causa en Com\u00fan, en lo que va del 2023 al menos 307 polic\u00edas han sido asesinados en el pa\u00eds, lo que da un promedio de 1.2 polic\u00edas muertos cada d\u00eda.<\/p>\n","protected":false},"excerpt":{"rendered":"<p>Redacci\u00f3n\/Zona Roja Cdmx. Ciudad de M\u00e9xico, a 12 de septiembre de 2023.- A menos de&hellip;<\/p>\n","protected":false},"author":2,"featured_media":59794,"comment_status":"closed","ping_status":"open","sticky":false,"template":"","format":"standard","meta":{"_lmt_disableupdate":"","_lmt_disable":"","_jetpack_memberships_contains_paid_content":false,"footnotes":""},"categories":[109,47],"tags":[80],"class_list":["post-59793","post","type-post","status-publish","format-standard","has-post-thumbnail","hentry","category-minuto-a-minuto","category-zona-gris","tag-guerrero"],"jetpack_featured_media_url":"https:\/\/zonaroja.com.mx\/wp-content\/uploads\/2023\/09\/Delegado-de-la-FGR-en-Guerrero.jpeg","jetpack_sharing_enabled":true,"_links":{"self":[{"href":"https:\/\/zonaroja.com.mx\/index.php?rest_route=\/wp\/v2\/posts\/59793","targetHints":{"allow":["GET"]}}],"collection":[{"href":"https:\/\/zonaroja.com.mx\/index.php?rest_route=\/wp\/v2\/posts"}],"about":[{"href":"https:\/\/zonaroja.com.mx\/index.php?rest_route=\/wp\/v2\/types\/post"}],"author":[{"embeddable":true,"href":"https:\/\/zonaroja.com.mx\/index.php?rest_route=\/wp\/v2\/users\/2"}],"replies":[{"embeddable":true,"href":"https:\/\/zonaroja.com.mx\/index.php?rest_route=%2Fwp%2Fv2%2Fcomments&post=59793"}],"version-history":[{"count":1,"href":"https:\/\/zonaroja.com.mx\/index.php?rest_route=\/wp\/v2\/posts\/59793\/revisions"}],"predecessor-version":[{"id":59795,"href":"https:\/\/zonaroja.com.mx\/index.php?rest_route=\/wp\/v2\/posts\/59793\/revisions\/59795"}],"wp:featuredmedia":[{"embeddable":true,"href":"https:\/\/zonaroja.com.mx\/index.php?rest_route=\/wp\/v2\/media\/59794"}],"wp:attachment":[{"href":"https:\/\/zonaroja.com.mx\/index.php?rest_route=%2Fwp%2Fv2%2Fmedia&parent=59793"}],"wp:term":[{"taxonomy":"category","embeddable":true,"href":"https:\/\/zonaroja.com.mx\/index.php?rest_route=%2Fwp%2Fv2%2Fcategories&post=59793"},{"taxonomy":"post_tag","embeddable":true,"href":"https:\/\/zonaroja.com.mx\/index.php?rest_route=%2Fwp%2Fv2%2Ftags&post=59793"}],"curies":[{"name":"wp","href":"https:\/\/api.w.org\/{rel}","templated":true}]}}