{"id":59796,"date":"2023-09-13T08:30:00","date_gmt":"2023-09-13T13:30:00","guid":{"rendered":"http:\/\/www.zonaroja.com.mx\/?p=59796"},"modified":"2023-09-12T20:42:47","modified_gmt":"2023-09-13T01:42:47","slug":"vinculan-a-proceso-a-dos-sujetos-por-agresion-armada-en-la-mixteca","status":"publish","type":"post","link":"https:\/\/zonaroja.com.mx\/?p=59796","title":{"rendered":"Vinculan a proceso a dos sujetos por agresi\u00f3n armada en la Mixteca"},"content":{"rendered":"\n<p>Redacci\u00f3n\/Zona Roja.<\/p>\n\n\n\n<p>Oaxaca de Ju\u00e1rez, Oax., a 13 de septiembre de 2023.-\u00a0La Fiscal\u00eda General del Estado de Oaxaca (FGEO) obtuvo auto de vinculaci\u00f3n a proceso contra dos imputados por el delito de Homicidio Calificado en grado de Tentativa, cometido en contra de dos personas que fueron v\u00edctimas de una agresi\u00f3n armada en la regi\u00f3n de la Mixteca.<\/p>\n\n\n\n<p>Los hechos ocurrieron el 31 de agosto de 2023, cuando las dos v\u00edctimas (hombres cuya identidad se reserva) circulaban por calles de la colonia San Mateo de Huajuapan de Le\u00f3n, cuando fueron interceptados por una camioneta cuyos pasajeros les dispararon con armas de fuego.<\/p>\n\n\n\n<p>Ante la agresi\u00f3n, las v\u00edctimas huyeron hasta ponerse a salvo de los agresores, aunque una de las personas afectadas result\u00f3 son lesiones, por lo que dieron intervenci\u00f3n a la FGEO que inici\u00f3 las investigaciones a trav\u00e9s de la Vicefiscal\u00eda Regional de la Mixteca.<\/p>\n\n\n\n<p>Derivado de las labores ministeriales se obtuvo la orden de aprehensi\u00f3n que se ejecut\u00f3 contra G. A. M. y J. R. C. J., quienes fueron presentados ante el Juez que atiende la causa, el cual dict\u00f3 auto de vinculaci\u00f3n a proceso en contra de ambos imputados, a los que impuso prisi\u00f3n preventiva y otorg\u00f3 tres meses para el cierre de la investigaci\u00f3n complementaria.<\/p>\n\n\n\n<p>La Fiscal\u00eda de Oaxaca realiza acciones oportunas e investigaciones expeditas que, en suma, permiten que las v\u00edctimas tengan acceso pleno e integral a la justicia.<\/p>\n","protected":false},"excerpt":{"rendered":"<p>Redacci\u00f3n\/Zona Roja. Oaxaca de Ju\u00e1rez, Oax., a 13 de septiembre de 2023.-\u00a0La Fiscal\u00eda General del&hellip;<\/p>\n","protected":false},"author":2,"featured_media":59797,"comment_status":"closed","ping_status":"open","sticky":false,"template":"","format":"standard","meta":{"_lmt_disableupdate":"","_lmt_disable":"","_jetpack_memberships_contains_paid_content":false,"footnotes":""},"categories":[109,46],"tags":[494],"class_list":["post-59796","post","type-post","status-publish","format-standard","has-post-thumbnail","hentry","category-minuto-a-minuto","category-zona-blanca","tag-fiscalia-general-del-estado-de-oaxaca"],"jetpack_featured_media_url":"https:\/\/zonaroja.com.mx\/wp-content\/uploads\/2023\/09\/Ataque-a-balazos-Huajuapan.webp","jetpack_sharing_enabled":true,"_links":{"self":[{"href":"https:\/\/zonaroja.com.mx\/index.php?rest_route=\/wp\/v2\/posts\/59796","targetHints":{"allow":["GET"]}}],"collection":[{"href":"https:\/\/zonaroja.com.mx\/index.php?rest_route=\/wp\/v2\/posts"}],"about":[{"href":"https:\/\/zonaroja.com.mx\/index.php?rest_route=\/wp\/v2\/types\/post"}],"author":[{"embeddable":true,"href":"https:\/\/zonaroja.com.mx\/index.php?rest_route=\/wp\/v2\/users\/2"}],"replies":[{"embeddable":true,"href":"https:\/\/zonaroja.com.mx\/index.php?rest_route=%2Fwp%2Fv2%2Fcomments&post=59796"}],"version-history":[{"count":1,"href":"https:\/\/zonaroja.com.mx\/index.php?rest_route=\/wp\/v2\/posts\/59796\/revisions"}],"predecessor-version":[{"id":59798,"href":"https:\/\/zonaroja.com.mx\/index.php?rest_route=\/wp\/v2\/posts\/59796\/revisions\/59798"}],"wp:featuredmedia":[{"embeddable":true,"href":"https:\/\/zonaroja.com.mx\/index.php?rest_route=\/wp\/v2\/media\/59797"}],"wp:attachment":[{"href":"https:\/\/zonaroja.com.mx\/index.php?rest_route=%2Fwp%2Fv2%2Fmedia&parent=59796"}],"wp:term":[{"taxonomy":"category","embeddable":true,"href":"https:\/\/zonaroja.com.mx\/index.php?rest_route=%2Fwp%2Fv2%2Fcategories&post=59796"},{"taxonomy":"post_tag","embeddable":true,"href":"https:\/\/zonaroja.com.mx\/index.php?rest_route=%2Fwp%2Fv2%2Ftags&post=59796"}],"curies":[{"name":"wp","href":"https:\/\/api.w.org\/{rel}","templated":true}]}}