{"id":5980,"date":"2019-11-22T17:33:52","date_gmt":"2019-11-22T23:33:52","guid":{"rendered":"http:\/\/www.zonaroja.com.mx\/?p=5980"},"modified":"2019-11-22T17:33:56","modified_gmt":"2019-11-22T23:33:56","slug":"la-reserva-tehuacan-cuicatlan-ya-es-patrimonio-de-la-humanidad","status":"publish","type":"post","link":"https:\/\/zonaroja.com.mx\/?p=5980","title":{"rendered":"La reserva Tehuac\u00e1n-Cuicatl\u00e1n ya es Patrimonio de la Humanidad"},"content":{"rendered":"\n<p>Redacci\u00f3n\/Zona Roja.<\/p>\n\n\n\n<p>Oaxaca de Ju\u00e1rez, Oax., 22 de noviembre\nde 2019.- La reserva de la bi\u00f3sfera Tehuac\u00e1n-Cuicatl\u00e1n (Oaxaca y Puebla) fueron\ndeclaradas hoy por la UNESCO como Patrimonio de la Humanidad.<\/p>\n\n\n\n<p>Representantes de los gobiernos de\nambas entidades del pa\u00eds develaron este jueves la placa de acreditaci\u00f3n para\nesa zona con m\u00e1s de 14 mil a\u00f1os de antig\u00fcedad y en que habitaron originarios de\nMesoam\u00e9rica.<\/p>\n\n\n\n<p>Anteriormente se hab\u00eda decretado como Bien\nMixto, en julio de 2018, a la reserva de casi 500 mil hect\u00e1reas; es la zona\n\u00e1rida o semi\u00e1rida con mayor biodiversidad del continente americano, que alberga\necosistemas y especies \u00fanicas en el mundo, que incluye 70 por ciento de las\nfamilias de flora, m\u00e1s de tres mil especies de plantas y 81 especies de\ncact\u00e1ceas.<\/p>\n\n\n\n<p>Tehuac\u00e1n-Cuicatl\u00e1n es el segundo sitio\nmexicano que entr\u00f3 en la categor\u00eda de Bien Mixto, es decir, sitios donde los\nvalores naturales y los valores culturales son excepcionales y son inseparables\nuno del otro, inform\u00f3 Carlos Tejeda, representante de la UNESCO en M\u00e9xico.<\/p>\n\n\n\n<p>El valle de Tehuac\u00e1n-Cuicatl\u00e1n, que se\nubica en los l\u00edmites de los estados de Puebla y Oaxaca, fue escenario donde los\nprimeros hombres domesticaron el ma\u00edz, crearon la milpa, construyeron sistemas\nde control del agua, inventaron sistemas agr\u00edcolas y la producci\u00f3n de la sal.<\/p>\n\n\n\n<p>Destacan por ejemplo la cueva de \u201cLas\nManitas\u201d, que habla de la presencia de grupos recolectores-cazadores, seg\u00fan explic\u00f3\nDiego Prieto, director general del Instituto Nacional de Antropolog\u00eda e\nHistoria (INAH).<\/p>\n","protected":false},"excerpt":{"rendered":"<p>Redacci\u00f3n\/Zona Roja. Oaxaca de Ju\u00e1rez, Oax., 22 de noviembre de 2019.- La reserva de la&hellip;<\/p>\n","protected":false},"author":2,"featured_media":5981,"comment_status":"closed","ping_status":"open","sticky":false,"template":"","format":"standard","meta":{"_lmt_disableupdate":"","_lmt_disable":"","_jetpack_memberships_contains_paid_content":false,"footnotes":""},"categories":[109,52],"tags":[1044],"class_list":["post-5980","post","type-post","status-publish","format-standard","has-post-thumbnail","hentry","category-minuto-a-minuto","category-zona-verde","tag-reserva-cuicatlan-tehuacan"],"jetpack_featured_media_url":"https:\/\/zonaroja.com.mx\/wp-content\/uploads\/2019\/11\/Reserva-biosfera.jpg","jetpack_sharing_enabled":true,"_links":{"self":[{"href":"https:\/\/zonaroja.com.mx\/index.php?rest_route=\/wp\/v2\/posts\/5980","targetHints":{"allow":["GET"]}}],"collection":[{"href":"https:\/\/zonaroja.com.mx\/index.php?rest_route=\/wp\/v2\/posts"}],"about":[{"href":"https:\/\/zonaroja.com.mx\/index.php?rest_route=\/wp\/v2\/types\/post"}],"author":[{"embeddable":true,"href":"https:\/\/zonaroja.com.mx\/index.php?rest_route=\/wp\/v2\/users\/2"}],"replies":[{"embeddable":true,"href":"https:\/\/zonaroja.com.mx\/index.php?rest_route=%2Fwp%2Fv2%2Fcomments&post=5980"}],"version-history":[{"count":1,"href":"https:\/\/zonaroja.com.mx\/index.php?rest_route=\/wp\/v2\/posts\/5980\/revisions"}],"predecessor-version":[{"id":5982,"href":"https:\/\/zonaroja.com.mx\/index.php?rest_route=\/wp\/v2\/posts\/5980\/revisions\/5982"}],"wp:featuredmedia":[{"embeddable":true,"href":"https:\/\/zonaroja.com.mx\/index.php?rest_route=\/wp\/v2\/media\/5981"}],"wp:attachment":[{"href":"https:\/\/zonaroja.com.mx\/index.php?rest_route=%2Fwp%2Fv2%2Fmedia&parent=5980"}],"wp:term":[{"taxonomy":"category","embeddable":true,"href":"https:\/\/zonaroja.com.mx\/index.php?rest_route=%2Fwp%2Fv2%2Fcategories&post=5980"},{"taxonomy":"post_tag","embeddable":true,"href":"https:\/\/zonaroja.com.mx\/index.php?rest_route=%2Fwp%2Fv2%2Ftags&post=5980"}],"curies":[{"name":"wp","href":"https:\/\/api.w.org\/{rel}","templated":true}]}}