{"id":59804,"date":"2023-09-13T11:30:00","date_gmt":"2023-09-13T16:30:00","guid":{"rendered":"http:\/\/www.zonaroja.com.mx\/?p=59804"},"modified":"2023-09-12T21:16:33","modified_gmt":"2023-09-13T02:16:33","slug":"nomina-ong-a-cuatro-oaxaquenas-para-ocupar-cargos-publicos-en-2024","status":"publish","type":"post","link":"https:\/\/zonaroja.com.mx\/?p=59804","title":{"rendered":"Nomina ONG a cuatro oaxaque\u00f1as para ocupar cargos p\u00fablicos en 2024"},"content":{"rendered":"\n<p>Yuridiana Sosa\/Zona Roja.<\/p>\n\n\n\n<p>Oaxaca de Ju\u00e1rez, Oax., a 13 de septiembre de 2023.- Por su trayectoria, experiencias y liderazgos, la plataforma A\u00fana M\u00e9xico nomin\u00f3 a cuatro oaxaque\u00f1as interesadas en ocupar cargos p\u00fablicos, ante el proceso electoral 2024.<\/p>\n\n\n\n<p>Ellas formar\u00edan parte de una nueva generaci\u00f3n comprometida en generar un cambio real y sustancial en la pol\u00edtica del pa\u00eds, reafirm\u00f3 la plataforma que impulsa pol\u00edticas de mujeres, en busca de un M\u00e9xico igualitario, justo, sustentable y con bienestar.<\/p>\n\n\n\n<p>Jarumy M\u00e9ndez Reyes, Itaisa L\u00f3pez Galv\u00e1n, Tuxday Judith C\u00f3rdova Le\u00f3n y Dominga Escobar Luis son las cuatro elegidas de ocho solicitudes enviadas de Oaxaca, y quienes a su vez son parte de las 74 nominadas a nivel nacional de m\u00e1s de 127 aspirantes.<\/p>\n\n\n\n<p>De acuerdo con la plataforma, \u201clas nominadas A\u00fana comparten una agenda basada en cinco ejes tem\u00e1ticos: la construcci\u00f3n de paz y justicia, pol\u00edticas ambientales, pol\u00edtica econ\u00f3mica con equidad, pol\u00edticas para el bienestar e igualdad de g\u00e9nero\u201d.<\/p>\n\n\n\n<p>Adem\u00e1s, ellas a\u00fan se encuentran en proceso de selecci\u00f3n, en el que la membres\u00eda participa para elegirlas y los criterios para ser nominada incluyen trayectoria y liderazgo, potencial para representar la agenda, redes y vinculaci\u00f3n, candidatura estrat\u00e9gica y diversidad.<\/p>\n\n\n\n<p>NOMINADAS<\/p>\n\n\n\n<p>Jarumy Esmeralda M\u00e9ndez Reyes, es una joven abogada oaxaque\u00f1a, defensora de los derechos humanos y del medio ambiente y su aspiraci\u00f3n es lograr la diputaci\u00f3n local por Santa Cruz Xoxocotl\u00e1n.<\/p>\n\n\n\n<p>La oaxaque\u00f1a indic\u00f3 para A\u00fana M\u00e9xico que construye redes de voluntariado para la gobernanza y la educaci\u00f3n ambiental.<\/p>\n\n\n\n<p>\u201cEstoy convencida del valor que puedo aportar y que juntos podamos construir un espacio de oportunidad ciudadana, plural, transparente y digno.&nbsp; Aqu\u00ed vamos diversas y juntas 2024\u201d, escribi\u00f3 en sus redes sociales.<\/p>\n\n\n\n<p>Para ella \u201cLa pol\u00edtica se trata de conectar personas, sus intereses y emociones, y despertar su poder creativo para involucrarse y transformar su espacio m\u00e1s cercano\u201d.<\/p>\n\n\n\n<p>Itaisa L\u00f3pez Galv\u00e1n, es otra oaxaque\u00f1a zapoteca, hablante de su lengua ind\u00edgena, originaria de Santiago Lachiguiri, Tehuantepec, Oaxaca.<\/p>\n\n\n\n<p>Es maestra jubilada, estudi\u00f3 en la Universidad Pedag\u00f3gica Nacional (UPN), y se desempe\u00f1\u00f3 por 31 a\u00f1os como maestra de educaci\u00f3n preescolar ind\u00edgena.<\/p>\n\n\n\n<p>Fue la primera mujer presidenta por Sistema Normativo Interno, diputada local por el PRD por la v\u00eda plurinominal.<\/p>\n\n\n\n<p>En su curr\u00edculum tambi\u00e9n se encuentra su trabajo como co- fundadora de la Coordinadora Democr\u00e1tica de Pueblos (CDP), y la Coordinadora de Mujeres Ind\u00edgenas (Codemi), las cuales dirige.<\/p>\n\n\n\n<p>\u201cMi lucha es por el reconocimiento de nuestros derechos como mujeres en todos los aspectos tanto econ\u00f3mico, laboral, educativo, pol\u00edtico y el derecho a la tierra\u201d, refiere.<\/p>\n\n\n\n<p>Ella fue nominada para ocupar la diputaci\u00f3n federal por Santiago Lachiguiri, Tehuantepec.<\/p>\n\n\n\n<p>A lista de elegidas se suma Tuxday Judith C\u00f3rdova Le\u00f3n, de 53 a\u00f1os de edad, originaria de Zimatl\u00e1n de \u00c1lvarez, aspirante a la alcald\u00eda de ese municipio de la regi\u00f3n de Valles Centrales de Oaxaca.<\/p>\n\n\n\n<p>De profesi\u00f3n licenciada de Educaci\u00f3n Preescolar y tambi\u00e9n ha fungido como secretaria general de la Delegaci\u00f3n D-I 232 del nivel de preescolar de la Secci\u00f3n 22 del SNTE. En 2015 fue nombrada como supervisora encargada de la zona escolar 006 del nivel preescolar.<\/p>\n\n\n\n<p>Tambi\u00e9n fue presidenta de la Comisi\u00f3n de Redes en Colectivo en 2018 y secretaria de Asistencia Social en el 2022. En el 2023 conclu\u00ed la maestr\u00eda en Pedagog\u00eda.<\/p>\n\n\n\n<p>A ellas se une Dominga Escobar Luis, de 43 a\u00f1os, licenciada en Educaci\u00f3n Primaria, nominada para ocupar la diputaci\u00f3n federal por Oaxaca de Ju\u00e1rez.<\/p>\n\n\n\n<p>Escobar Luis reconoci\u00f3 que, aunque no naci\u00f3 en Oaxaca, desde hace varios a\u00f1os radica en la entidad en la que ha participado en varias luchas.<\/p>\n\n\n\n<p>Ha sido integrante de la Uni\u00f3n General Obrero Campesina y Popular, la Federaci\u00f3n Nacional de Mujeres en Oaxaca, el Comit\u00e9 Ejecutivo Seccional de la Secci\u00f3n 22 del Sindicato Nacional de Trabajadores de la Educaci\u00f3n.<\/p>\n\n\n\n<p>Es fundadora de los extintos partidos Mujeres Revolucionarias y Redes Sociales Progresistas (RSP) y fue presidenta de la Comisi\u00f3n nacional de Procesos Internos de la RSP, y candidata a diputada federal por el distrito 8 de Oaxaca en 2021.<\/p>\n\n\n\n<p>En su descripci\u00f3n escribi\u00f3: \u201cSoy una mujer que cree en las libertades como principio de respeto entre una sociedad. Soy lesbiana lo cual no defino como pertenencia a una minor\u00eda, sino una definici\u00f3n de quienes nos atrevemos a ser ventana para ver un mundo diferente\u201d.<\/p>\n","protected":false},"excerpt":{"rendered":"<p>Yuridiana Sosa\/Zona Roja. Oaxaca de Ju\u00e1rez, Oax., a 13 de septiembre de 2023.- Por su&hellip;<\/p>\n","protected":false},"author":2,"featured_media":59805,"comment_status":"closed","ping_status":"open","sticky":false,"template":"","format":"standard","meta":{"_lmt_disableupdate":"","_lmt_disable":"","_jetpack_memberships_contains_paid_content":false,"footnotes":""},"categories":[109,46],"tags":[3675],"class_list":["post-59804","post","type-post","status-publish","format-standard","has-post-thumbnail","hentry","category-minuto-a-minuto","category-zona-blanca","tag-auna-mexico"],"jetpack_featured_media_url":"https:\/\/zonaroja.com.mx\/wp-content\/uploads\/2023\/09\/Nominadas-Auna-Mexico.jpg","jetpack_sharing_enabled":true,"_links":{"self":[{"href":"https:\/\/zonaroja.com.mx\/index.php?rest_route=\/wp\/v2\/posts\/59804","targetHints":{"allow":["GET"]}}],"collection":[{"href":"https:\/\/zonaroja.com.mx\/index.php?rest_route=\/wp\/v2\/posts"}],"about":[{"href":"https:\/\/zonaroja.com.mx\/index.php?rest_route=\/wp\/v2\/types\/post"}],"author":[{"embeddable":true,"href":"https:\/\/zonaroja.com.mx\/index.php?rest_route=\/wp\/v2\/users\/2"}],"replies":[{"embeddable":true,"href":"https:\/\/zonaroja.com.mx\/index.php?rest_route=%2Fwp%2Fv2%2Fcomments&post=59804"}],"version-history":[{"count":1,"href":"https:\/\/zonaroja.com.mx\/index.php?rest_route=\/wp\/v2\/posts\/59804\/revisions"}],"predecessor-version":[{"id":59806,"href":"https:\/\/zonaroja.com.mx\/index.php?rest_route=\/wp\/v2\/posts\/59804\/revisions\/59806"}],"wp:featuredmedia":[{"embeddable":true,"href":"https:\/\/zonaroja.com.mx\/index.php?rest_route=\/wp\/v2\/media\/59805"}],"wp:attachment":[{"href":"https:\/\/zonaroja.com.mx\/index.php?rest_route=%2Fwp%2Fv2%2Fmedia&parent=59804"}],"wp:term":[{"taxonomy":"category","embeddable":true,"href":"https:\/\/zonaroja.com.mx\/index.php?rest_route=%2Fwp%2Fv2%2Fcategories&post=59804"},{"taxonomy":"post_tag","embeddable":true,"href":"https:\/\/zonaroja.com.mx\/index.php?rest_route=%2Fwp%2Fv2%2Ftags&post=59804"}],"curies":[{"name":"wp","href":"https:\/\/api.w.org\/{rel}","templated":true}]}}