{"id":59807,"date":"2023-09-13T12:30:00","date_gmt":"2023-09-13T17:30:00","guid":{"rendered":"http:\/\/www.zonaroja.com.mx\/?p=59807"},"modified":"2023-09-12T21:08:42","modified_gmt":"2023-09-13T02:08:42","slug":"opinion-la-lenta-agonia","status":"publish","type":"post","link":"https:\/\/zonaroja.com.mx\/?p=59807","title":{"rendered":"Opini\u00f3n. La lenta agon\u00eda"},"content":{"rendered":"\n<p>N\u00e9stor Y. S\u00e1nchez Islas<\/p>\n\n\n\n<p>El viejo sistema pol\u00edtico mexicano est\u00e1 de vuelta. No es una sorpresa, el presidente Obrador naci\u00f3 en \u00e9l y su deseo es volverlo a la vida.<\/p>\n\n\n\n<p>El m\u00e1s importante ritual de nuestra vida pol\u00edtica est\u00e1 en marcha. Fue construido por los ganadores de la revoluci\u00f3n alrededor de una \u00fanica y poderosa figura, la del presidente, por tanto, la sucesi\u00f3n de \u00e9ste adquiere una enorme importancia. La constante erosi\u00f3n institucional de este presidente y su ataque o colonizaci\u00f3n de los organismos aut\u00f3nomos solo quiere decir una cosa: el presidente era, es y deber\u00e1 seguir siendo el centro del poder, una visi\u00f3n autoritaria y contraria a toda idea democr\u00e1tica para el futuro del pa\u00eds.<\/p>\n\n\n\n<p>Nadie, excepto Marcelo Ebrard, se sorprendi\u00f3. La designaci\u00f3n de Claudia Sheinbaum estuvo cantada desde hace mucho tiempo; para ella oper\u00f3 el partido y las instituciones gubernamentales. Y por ella, AMLO intent\u00f3 por todos los medios apoderarse de las instituciones electorales: la fiscal\u00eda&nbsp;especializada, el tribunal y el INE.<\/p>\n\n\n\n<p>Al igual que en el pasado, el presidente desea elegir a su sucesor. Dec\u00eda Adolfo Ru\u00edz Cortines: \u201csobre el presidente en turno recae la tremenda responsabilidad de interpretar lo que el pueblo mexicano quiere y necesita\u201d. Y as\u00ed fue, Obrador supo interpretar lo que el pueblo quer\u00eda en su descarada dualidad de presidente y jefe del partido en el poder.<\/p>\n\n\n\n<p>Nunca ocult\u00f3&nbsp;Obrador&nbsp;que lo que m\u00e1s volara en una persona es la lealtad. Para \u00e9l no puede existir el pensamiento cr\u00edtico porque su palabra, sus ideas y sus actos deben ser dogma de fe. La clave de su dedazo fue esa, la lealtad a toda prueba de su candidata, lo que le garantiza, en caso de ganar, la seguridad para \u00e9l y su hijos de no sufrir persecuci\u00f3n alguna en primer lugar, en segundo, la continuaci\u00f3n de su obra destructora. La se\u00f1ora Sheinbaum forma parte de grupo radical de la 4T.<\/p>\n\n\n\n<p>Al disponer del control pol\u00edtico no dud\u00f3&nbsp;en usarlo para las movilizaciones necesarias. Gobernadores y mun\u00edcipes le deben el puesto y en Oaxaca fue claro como el agua.&nbsp;El gobernador recibi\u00f3 la orden y todo el aparato del gobierno se movi\u00f3 para obedecer.&nbsp;Vino Ebrard en campa\u00f1a y solo recibi\u00f3 vac\u00edo. Vino Claudia y movilizaron a miles de acarreados a la Alameda al costo que fuera.&nbsp;<\/p>\n\n\n\n<p>Dado su origen en el viejo sistema mexicano, lo suyo son las movilizaciones y su aliada el hambre de quienes aceptan una torta y un refresco para ir en su apoyo. Igual ordena movilizar para legitimar su dedazo que para respaldar decisiones pol\u00edticas. Basa su fuerza pol\u00edtica en el poder de acarreo que le otorga el control del erario y el manejo a discreci\u00f3n de las autoridades judiciales y fiscales.<\/p>\n\n\n\n<p>La entrega simb\u00f3lica del bast\u00f3n de mando es una se\u00f1al del viejo autoritarismo del antiguo r\u00e9gimen. Un s\u00edmbolo mal empleado porque \u00e9l no debi\u00f3 entregarlo, debi\u00f3 haber sido la asamblea de pueblos ind\u00edgenas que se lo dio en resguardo temporal porque en ellos descansa la soberan\u00eda y radica la legitimidad. Sheinbaum no debi\u00f3 recibirlo porque ella no es la vicepresidenta ni ha ganado la elecci\u00f3n. En todo caso,&nbsp;siendo Obrador y su candidata descendientes directos de extranjeros, uno espa\u00f1ol y la otra lituana, lo que aplicaba era la entrega del cetro, como sucede en Europa, y no del bast\u00f3n de mando ind\u00edgena.<\/p>\n\n\n\n<p>El presidente no sabe negociar, y su candidata es otro ejemplo m\u00e1s de que lo suyo es la imposici\u00f3n y la resoluci\u00f3n de conflictos solo con el&nbsp;poder que ha acumulado. Ha roto los equilibrios de poder y el pa\u00eds&nbsp;es un campo de batalla, principalmente&nbsp;por&nbsp;violencia relacionada&nbsp;con el crimen organizado. Como ninguno de los presidentes de nuestro breve per\u00edodo democr\u00e1tico, ha tenido bajo su control a todos los poderes. Gracias a las mayor\u00edas, domina ambas c\u00e1maras, el fiscal es un leal sirviente y, mientras Arturo Zald\u00edvar&nbsp;estuvo&nbsp;al frente de la Corte, fue&nbsp;su&nbsp;amo y se\u00f1or. En los hechos, vivimos en&nbsp;un&nbsp;r\u00e9gimen absolutamente centralista porque el federalismo est\u00e1 ausente.<\/p>\n\n\n\n<p>Este ritual de la encuesta y la entrega del bast\u00f3n es una manera de buscar la legitimaci\u00f3n de acto profundamente autoritario. \u00c9l decidi\u00f3, ahora hay que aparentar que el pueblo se lo exigi\u00f3. Es poco probable que entregue la presidencia sin conflictos puesto que esa es su naturaleza.<\/p>\n\n\n\n<p>La aparici\u00f3n de X\u00f3chilt G\u00e1lvez alter\u00f3 su elaborado plan. No existe la certeza de que&nbsp;Claudia&nbsp;ganar\u00e1. Obrador quiere la continuidad&nbsp;destructora, el pa\u00eds necesita&nbsp;regresar al sentido com\u00fan y la raz\u00f3n.&nbsp;Por lo pronto, inici\u00f3 la lenta agon\u00eda, la p\u00e9rdida de espacios y protagonismo.&nbsp;No quiere soltar el poder; deber\u00e1 hacerlo.<\/p>\n\n\n\n<p>EL CONSEJERO<\/p>\n\n\n\n<p>Como un ajonjol\u00ed de todos los moles, el&nbsp;consejero jur\u00eddico del gobierno&nbsp;estatal&nbsp;aparece en todos los conflictos y en todos los medios.&nbsp;Igual por la expropiaci\u00f3n de los terrenos de triplay que por el desalojo del MACO o el conflicto con el personal del IEBO. Nunca un consejero hab\u00eda recibido tal protagonismo, lo que podr\u00eda entenderse como la construcci\u00f3n de un delf\u00edn leal al gobernador para el futuro pol\u00edtico de ambos.<\/p>\n\n\n\n<p>nestoryuri@yahoo.com<\/p>\n","protected":false},"excerpt":{"rendered":"<p>N\u00e9stor Y. S\u00e1nchez Islas El viejo sistema pol\u00edtico mexicano est\u00e1 de vuelta. No es una&hellip;<\/p>\n","protected":false},"author":2,"featured_media":41861,"comment_status":"closed","ping_status":"open","sticky":false,"template":"","format":"standard","meta":{"_lmt_disableupdate":"","_lmt_disable":"","_jetpack_memberships_contains_paid_content":false,"footnotes":""},"categories":[456,109],"tags":[3050],"class_list":["post-59807","post","type-post","status-publish","format-standard","has-post-thumbnail","hentry","category-columna","category-minuto-a-minuto","tag-nestor-yuri-sanchez"],"jetpack_featured_media_url":"https:\/\/zonaroja.com.mx\/wp-content\/uploads\/2022\/05\/Opinion-Nestor-Yuri-Sanchez-Islas.jpg","jetpack_sharing_enabled":true,"_links":{"self":[{"href":"https:\/\/zonaroja.com.mx\/index.php?rest_route=\/wp\/v2\/posts\/59807","targetHints":{"allow":["GET"]}}],"collection":[{"href":"https:\/\/zonaroja.com.mx\/index.php?rest_route=\/wp\/v2\/posts"}],"about":[{"href":"https:\/\/zonaroja.com.mx\/index.php?rest_route=\/wp\/v2\/types\/post"}],"author":[{"embeddable":true,"href":"https:\/\/zonaroja.com.mx\/index.php?rest_route=\/wp\/v2\/users\/2"}],"replies":[{"embeddable":true,"href":"https:\/\/zonaroja.com.mx\/index.php?rest_route=%2Fwp%2Fv2%2Fcomments&post=59807"}],"version-history":[{"count":1,"href":"https:\/\/zonaroja.com.mx\/index.php?rest_route=\/wp\/v2\/posts\/59807\/revisions"}],"predecessor-version":[{"id":59808,"href":"https:\/\/zonaroja.com.mx\/index.php?rest_route=\/wp\/v2\/posts\/59807\/revisions\/59808"}],"wp:featuredmedia":[{"embeddable":true,"href":"https:\/\/zonaroja.com.mx\/index.php?rest_route=\/wp\/v2\/media\/41861"}],"wp:attachment":[{"href":"https:\/\/zonaroja.com.mx\/index.php?rest_route=%2Fwp%2Fv2%2Fmedia&parent=59807"}],"wp:term":[{"taxonomy":"category","embeddable":true,"href":"https:\/\/zonaroja.com.mx\/index.php?rest_route=%2Fwp%2Fv2%2Fcategories&post=59807"},{"taxonomy":"post_tag","embeddable":true,"href":"https:\/\/zonaroja.com.mx\/index.php?rest_route=%2Fwp%2Fv2%2Ftags&post=59807"}],"curies":[{"name":"wp","href":"https:\/\/api.w.org\/{rel}","templated":true}]}}