{"id":59814,"date":"2023-09-13T14:58:53","date_gmt":"2023-09-13T19:58:53","guid":{"rendered":"http:\/\/www.zonaroja.com.mx\/?p=59814"},"modified":"2023-09-13T21:33:09","modified_gmt":"2023-09-14T02:33:09","slug":"emma-coronel-recupera-su-libertad-tras-permanecer-en-prision-casi-dos-anos","status":"publish","type":"post","link":"https:\/\/zonaroja.com.mx\/?p=59814","title":{"rendered":"Emma Coronel recupera su libertad tras permanecer en prisi\u00f3n casi dos a\u00f1os"},"content":{"rendered":"\n<p>Redacci\u00f3n\/Zona Roja Cdmx.<\/p>\n\n\n\n<p>Ciudad de M\u00e9xico, a 13 de septiembre de 2023.- Emma Coronel, la esposa de Joaqu\u00edn \u2018El Chapo\u2019 Guzm\u00e1n, sali\u00f3 en libertad condicional este mi\u00e9rcoles tras haber sido sentenciada a tres a\u00f1os de prisi\u00f3n en Estados Unidos por cargos relacionados narcotr\u00e1fico y lavado de dinero.<\/p>\n\n\n\n<p>La vocera del Bur\u00f3 Federal de Prisiones, Randilee Giamusso, confirm\u00f3 la salida de Coronel a Telemundo esta ma\u00f1ana a trav\u00e9s de un correo electr\u00f3nico.<\/p>\n\n\n\n<p>La madre de dos de las hijas del \u2018Chapo\u2019 llevaba desde el pasado 30 de mayo en r\u00e9gimen de confinamiento comunitario en la ciudad de Long Beach (sur de California, Estados Unidos) dentro de una \u201ccasa de transici\u00f3n\u201d, una instalaci\u00f3n gestionada por la Agencia Federal de Prisiones (BOP, en ingl\u00e9s) para agilizar su proceso de reinserci\u00f3n.<\/p>\n\n\n\n<p>Desde este mi\u00e9rcoles, entrar\u00e1 en libertad condicional durante los pr\u00f3ximos 48 meses, en los que deber\u00e1 permanecer dentro del distrito judicial que se le asigne y comunicar a agentes gubernamentales cualquier cambio de domicilio o empleo.<\/p>\n\n\n\n<p>Coronel fue arrestada en febrero de 2021, cuando aterriz\u00f3 en el Aeropuerto Internacional Washington-Dulles (Virginia), al ser acusada de ayudar a su marido a administrar su multimillonario imperio criminal del C\u00e1rtel de Sinaloa, as\u00ed como de conspirar para su fuga del penal de El Altiplano (M\u00e9xico) en 2015.<\/p>\n\n\n\n<p>Tan solo unos meses despu\u00e9s, en noviembre de 2021, la mujer, de nacionalidad mexicano-estadounidense, fue sentenciada a tres a\u00f1os de c\u00e1rcel tras declararse culpable por haber participado en operaciones de lavado de dinero y por haber traficado cinco kilos de coca\u00edna, uno de hero\u00edna y medio de metanfetaminas a Estados Unidos.<\/p>\n\n\n\n<p>De acuerdo con Telemundo, su condena fue reducida cinco meses tras su cooperaci\u00f3n con la Fiscal\u00eda en febrero del 2022.<\/p>\n\n\n\n<p>Su primer a\u00f1o y medio de condena lo pas\u00f3 en la prisi\u00f3n de m\u00ednima seguridad para mujeres de FMC Carswell (Texas), ubicada a aproximadamente 1.120 kil\u00f3metros -700 millas- del presidio ADX Florence (Colorado), donde \u201cEl Chapo\u201d cumple actualmente su cadena perpetua.<br>Con una diferencia entre ambos de 32 a\u00f1os de edad, Coronel y el \u201cChapo\u201d Guzm\u00e1n se conocieron en 2006 durante la celebraci\u00f3n de unas fiestas locales en el pueblo natal de ella, Canelas (Durango, M\u00e9xico), que la coronaron como reina de la belleza aquel curso.<\/p>\n","protected":false},"excerpt":{"rendered":"<p>Redacci\u00f3n\/Zona Roja Cdmx. Ciudad de M\u00e9xico, a 13 de septiembre de 2023.- Emma Coronel, la&hellip;<\/p>\n","protected":false},"author":2,"featured_media":59813,"comment_status":"closed","ping_status":"open","sticky":false,"template":"","format":"standard","meta":{"_lmt_disableupdate":"","_lmt_disable":"","_jetpack_memberships_contains_paid_content":false,"footnotes":""},"categories":[109,47],"tags":[],"class_list":["post-59814","post","type-post","status-publish","format-standard","has-post-thumbnail","hentry","category-minuto-a-minuto","category-zona-gris"],"jetpack_featured_media_url":"https:\/\/zonaroja.com.mx\/wp-content\/uploads\/2023\/09\/img_2712.jpg","jetpack_sharing_enabled":true,"_links":{"self":[{"href":"https:\/\/zonaroja.com.mx\/index.php?rest_route=\/wp\/v2\/posts\/59814","targetHints":{"allow":["GET"]}}],"collection":[{"href":"https:\/\/zonaroja.com.mx\/index.php?rest_route=\/wp\/v2\/posts"}],"about":[{"href":"https:\/\/zonaroja.com.mx\/index.php?rest_route=\/wp\/v2\/types\/post"}],"author":[{"embeddable":true,"href":"https:\/\/zonaroja.com.mx\/index.php?rest_route=\/wp\/v2\/users\/2"}],"replies":[{"embeddable":true,"href":"https:\/\/zonaroja.com.mx\/index.php?rest_route=%2Fwp%2Fv2%2Fcomments&post=59814"}],"version-history":[{"count":2,"href":"https:\/\/zonaroja.com.mx\/index.php?rest_route=\/wp\/v2\/posts\/59814\/revisions"}],"predecessor-version":[{"id":59835,"href":"https:\/\/zonaroja.com.mx\/index.php?rest_route=\/wp\/v2\/posts\/59814\/revisions\/59835"}],"wp:featuredmedia":[{"embeddable":true,"href":"https:\/\/zonaroja.com.mx\/index.php?rest_route=\/wp\/v2\/media\/59813"}],"wp:attachment":[{"href":"https:\/\/zonaroja.com.mx\/index.php?rest_route=%2Fwp%2Fv2%2Fmedia&parent=59814"}],"wp:term":[{"taxonomy":"category","embeddable":true,"href":"https:\/\/zonaroja.com.mx\/index.php?rest_route=%2Fwp%2Fv2%2Fcategories&post=59814"},{"taxonomy":"post_tag","embeddable":true,"href":"https:\/\/zonaroja.com.mx\/index.php?rest_route=%2Fwp%2Fv2%2Ftags&post=59814"}],"curies":[{"name":"wp","href":"https:\/\/api.w.org\/{rel}","templated":true}]}}