{"id":59818,"date":"2023-09-13T17:45:04","date_gmt":"2023-09-13T22:45:04","guid":{"rendered":"http:\/\/www.zonaroja.com.mx\/?p=59818"},"modified":"2023-09-13T17:45:06","modified_gmt":"2023-09-13T22:45:06","slug":"protestas-sin-freno-en-oaxaca-a-media-semana-bloqueo-de-triquis-cumple-4-dias","status":"publish","type":"post","link":"https:\/\/zonaroja.com.mx\/?p=59818","title":{"rendered":"Protestas sin freno en Oaxaca a media semana; bloqueo de triquis cumple 4 d\u00edas"},"content":{"rendered":"\n<p>Yuridiana Sosa\/Zona Roja.<\/p>\n\n\n\n<p>Oaxaca de Ju\u00e1rez, Oax., a 13 de septiembre de 2023.- Las manifestaciones de diferentes grupos y organizaciones continuaron este mi\u00e9rcoles en Oaxaca, con presencia en la capital y la regi\u00f3n de la Mixteca.<\/p>\n\n\n\n<p>El Movimiento de Unificaci\u00f3n y Lucha Triqui Independiente (MULTI) cumpli\u00f3 su cuarto d\u00eda de bloqueo carretero en jurisdicci\u00f3n de la comunidad de Agua Fr\u00eda Copala, del municipio de Santiago Juxtlahuaca.<\/p>\n\n\n\n<p>La organizaci\u00f3n advirti\u00f3 que la protesta seguir\u00e1 hasta que el gobernador Salom\u00f3n Jara Cruz y el secretario de Gobierno, Jes\u00fas Romero, los reciban en mesa de di\u00e1logo para solucionar el problema de la violencia en la zona.<\/p>\n\n\n\n<p>Aseguran que en hay presencia de paramilitares, lo que mantiene paralizada a la comunidad, adem\u00e1s, sostienen la existencia de una agresi\u00f3n armada el pasado domingo por parte del MULT.<\/p>\n\n\n\n<p>En tanto, hoy una representaci\u00f3n del MULTI particip\u00f3 tambi\u00e9n en una marcha de organizaciones en la. Ciudad de M\u00e9xico, por exigencia de justicia y atenci\u00f3n a m\u00faltiples demandas.<\/p>\n\n\n\n<figure class=\"wp-block-embed\"><div class=\"wp-block-embed__wrapper\">\nhttps:\/\/x.com\/MULTI_Oficial1\/status\/1702027997832953967?s=20\n<\/div><\/figure>\n\n\n\n<p>EN LA CAPITAL<\/p>\n\n\n\n<p>Con presencia en el z\u00f3calo y el parque Ju\u00e1rez \u201cEl Llano\u201d, la asociaci\u00f3n civil Oaxaque\u00f1os Buscando a los Nuestros se manifest\u00f3 para exigir al Estado la localizaci\u00f3n de sus familiares, algunos con m\u00e1s de ocho a\u00f1os desaparecidos.<\/p>\n\n\n\n<p>Las mujeres, en su mayor\u00eda madre de las v\u00edctimas, destacaron que ni la Fiscal\u00eda de Oaxaca, ni la Comisi\u00f3n Estatal de B\u00fasqueda cuentan con un registro espec\u00edfico sobre la cantidad de desaparecidos en Oaxaca, pero los colectivos cuentan con una cifra preliminar de m\u00e1s de cuatro mil personas desde 1980.<\/p>\n\n\n\n<p>Para dar seguimiento al trabajo de investigaci\u00f3n sobre algunos casos, el colectivo se reunir\u00e1 en mesa de trabajo con la Fiscal\u00eda de Oaxaca el pr\u00f3ximo 26 de septiembre.<\/p>\n\n\n\n<p>Por otra parte, galleros de Oaxaca realizaron una marcha-calenda en defensa de la industria dedicada a la pelea de gallos, y actividades como carreras de caballos, sobre las cuales existen iniciativas de ley para prohibirlas, lo que afectar\u00eda a miles de familias que dependen de dicho sector.<\/p>\n\n\n\n<p>Los inconformes, principalmente provenientes de la regi\u00f3n de la Costa y Sierra Sur del estado, se desplazaron desde un centro comercial en el municipio conurbado de Santa Cruz Xoxocotl\u00e1n, sobre el bulevar Guadalupe Hinojosa, hacia el z\u00f3calo de la capital oaxaque\u00f1a.<\/p>\n\n\n\n<p>Por otra parte, integrantes de la Secci\u00f3n 22 de SNTE bloquearon por unos minutos la calle de Armenta y L\u00f3pez, frente al edificio de la gremial, para efectuar un mitin pol\u00edtico en repudio al desalojo que sufrieron el 13 de septiembre de 2013 en la ciudad de M\u00e9xico.<\/p>\n\n\n\n<p>Con fuerzas federales la gremial de Oaxaca fue desalojada del z\u00f3calo de la capital del pa\u00eds, donde realizaban un plant\u00f3n en contra de la Reforma Educativa de Enrique Pe\u00f1a Nieto, la cual hasta ahora les sigue afectando.&nbsp;<\/p>\n","protected":false},"excerpt":{"rendered":"<p>Yuridiana Sosa\/Zona Roja. Oaxaca de Ju\u00e1rez, Oax., a 13 de septiembre de 2023.- Las manifestaciones&hellip;<\/p>\n","protected":false},"author":2,"featured_media":59819,"comment_status":"closed","ping_status":"open","sticky":false,"template":"","format":"standard","meta":{"_lmt_disableupdate":"","_lmt_disable":"","_jetpack_memberships_contains_paid_content":false,"footnotes":""},"categories":[109,47],"tags":[2254],"class_list":["post-59818","post","type-post","status-publish","format-standard","has-post-thumbnail","hentry","category-minuto-a-minuto","category-zona-gris","tag-protestas-y-bloqueos-oaxaca"],"jetpack_featured_media_url":"https:\/\/zonaroja.com.mx\/wp-content\/uploads\/2023\/09\/Bloqueo-MULTI-triquis-copala.jpg","jetpack_sharing_enabled":true,"_links":{"self":[{"href":"https:\/\/zonaroja.com.mx\/index.php?rest_route=\/wp\/v2\/posts\/59818","targetHints":{"allow":["GET"]}}],"collection":[{"href":"https:\/\/zonaroja.com.mx\/index.php?rest_route=\/wp\/v2\/posts"}],"about":[{"href":"https:\/\/zonaroja.com.mx\/index.php?rest_route=\/wp\/v2\/types\/post"}],"author":[{"embeddable":true,"href":"https:\/\/zonaroja.com.mx\/index.php?rest_route=\/wp\/v2\/users\/2"}],"replies":[{"embeddable":true,"href":"https:\/\/zonaroja.com.mx\/index.php?rest_route=%2Fwp%2Fv2%2Fcomments&post=59818"}],"version-history":[{"count":1,"href":"https:\/\/zonaroja.com.mx\/index.php?rest_route=\/wp\/v2\/posts\/59818\/revisions"}],"predecessor-version":[{"id":59820,"href":"https:\/\/zonaroja.com.mx\/index.php?rest_route=\/wp\/v2\/posts\/59818\/revisions\/59820"}],"wp:featuredmedia":[{"embeddable":true,"href":"https:\/\/zonaroja.com.mx\/index.php?rest_route=\/wp\/v2\/media\/59819"}],"wp:attachment":[{"href":"https:\/\/zonaroja.com.mx\/index.php?rest_route=%2Fwp%2Fv2%2Fmedia&parent=59818"}],"wp:term":[{"taxonomy":"category","embeddable":true,"href":"https:\/\/zonaroja.com.mx\/index.php?rest_route=%2Fwp%2Fv2%2Fcategories&post=59818"},{"taxonomy":"post_tag","embeddable":true,"href":"https:\/\/zonaroja.com.mx\/index.php?rest_route=%2Fwp%2Fv2%2Ftags&post=59818"}],"curies":[{"name":"wp","href":"https:\/\/api.w.org\/{rel}","templated":true}]}}