{"id":59821,"date":"2023-09-13T17:54:17","date_gmt":"2023-09-13T22:54:17","guid":{"rendered":"http:\/\/www.zonaroja.com.mx\/?p=59821"},"modified":"2023-09-13T21:27:28","modified_gmt":"2023-09-14T02:27:28","slug":"avioneta-se-estrello-contra-una-vivienda-en-puebla-hay-tres-muertos","status":"publish","type":"post","link":"https:\/\/zonaroja.com.mx\/?p=59821","title":{"rendered":"Avioneta se estrell\u00f3 contra una vivienda en Puebla; hay tres muertos"},"content":{"rendered":"\n<p>Redacci\u00f3n\/Zona Roja Cdmx.<\/p>\n\n\n\n<p>Ciudad de M\u00e9xico, a 13 de septiembre de 2023.- Una avioneta se impact\u00f3 contra una vivienda en Puebla, lo que dej\u00f3 como resultado tres muertos, de acuerdo con la Secretar\u00eda de Gobernaci\u00f3n del estado. El desplome ocurri\u00f3 este mi\u00e9rcoles 13 de septiembre.<\/p>\n\n\n\n<p>Las v\u00edctimas eran los tripulantes del veh\u00edculo a\u00e9reo. El accidente fue registrado en la localidad de Santiago Tenango, perteneciente al municipio General Felipe \u00c1ngeles.<\/p>\n\n\n\n<p>Fue poco antes de las 15:00 horas que las autoridades confirmaron los hechos a trav\u00e9s de redes sociales y detallaron que la avioneta se incendi\u00f3, por lo que al sitio acudieron elementos de Protecci\u00f3n Civil de Puebla y bomberos para atender el accidente.<\/p>\n\n\n\n<p>En el lugar donde la avioneta se estrell\u00f3 no hab\u00eda personas, aseguraron las autoridades.<\/p>\n\n\n\n<p>\u201cLamentablemente tras el impacto, los tres integrantes de la tripulaci\u00f3n perdieron la vida. La vivienda se encontraba sin habitantes, al momento del impacto\u201d, indic\u00f3 el informe de la Secretar\u00eda de Gobernaci\u00f3n de la entidad.<\/p>\n\n\n\n<p>Sergio Salom\u00f3n expres\u00f3 sus condolencias a los familiares<\/p>\n\n\n\n<p>El gobernador de Puebla, Sergio Salom\u00f3n, detall\u00f3 que en al sitio acudieron integrantes de la Polic\u00eda Estatal, Municipal, Protecci\u00f3n Civil Municipal y elementos del Sistema de Urgencias M\u00e9dicas Avanzadas (SUMA).<\/p>\n\n\n\n<p>\u201cMis condolencias a los familiares de los fallecidos\u201d, escribi\u00f3 el mandatario estatal.<\/p>\n\n\n\n<p>La avioneta sali\u00f3 de Veracruz y ten\u00eda como destino el aeropuerto de Felipe \u00c1ngeles. Hasta el momento no se ha dado a conocer la identidad de las v\u00edctimas y tampoco se conoce cu\u00e1l es el origen del percance.<\/p>\n\n\n\n<p>Medios locales indicaron que el accidente ocurri\u00f3 alrededor de las 13:30 horas, luego de que la avioneta perdi\u00f3 altura y termin\u00f3 estrell\u00e1ndose con la vivienda.<\/p>\n\n\n\n<p>Seg\u00fan reportes iniciales, pobladores de la zona fueron los primeros en tratar de apagar las llamas provocadas tras el accidente, en algunas im\u00e1genes compartidas ene redes sociales se pudo ver a algunas personas con cubetas de agua tratando de sofocar el fuego. Posteriormente al lugar llegaron las autoridades para atender el percance.<\/p>\n\n\n\n<p>(Informaci\u00f3n de Infobae M\u00e9xico)<\/p>\n","protected":false},"excerpt":{"rendered":"<p>Redacci\u00f3n\/Zona Roja Cdmx. Ciudad de M\u00e9xico, a 13 de septiembre de 2023.- Una avioneta se&hellip;<\/p>\n","protected":false},"author":2,"featured_media":59823,"comment_status":"closed","ping_status":"open","sticky":false,"template":"","format":"standard","meta":{"_lmt_disableupdate":"","_lmt_disable":"","_jetpack_memberships_contains_paid_content":false,"footnotes":""},"categories":[109,51],"tags":[3676],"class_list":["post-59821","post","type-post","status-publish","format-standard","has-post-thumbnail","hentry","category-minuto-a-minuto","category-zona-roja","tag-accidente-avioneta-puebla"],"jetpack_featured_media_url":"https:\/\/zonaroja.com.mx\/wp-content\/uploads\/2023\/09\/Avionetazo-Puebla.jpeg","jetpack_sharing_enabled":true,"_links":{"self":[{"href":"https:\/\/zonaroja.com.mx\/index.php?rest_route=\/wp\/v2\/posts\/59821","targetHints":{"allow":["GET"]}}],"collection":[{"href":"https:\/\/zonaroja.com.mx\/index.php?rest_route=\/wp\/v2\/posts"}],"about":[{"href":"https:\/\/zonaroja.com.mx\/index.php?rest_route=\/wp\/v2\/types\/post"}],"author":[{"embeddable":true,"href":"https:\/\/zonaroja.com.mx\/index.php?rest_route=\/wp\/v2\/users\/2"}],"replies":[{"embeddable":true,"href":"https:\/\/zonaroja.com.mx\/index.php?rest_route=%2Fwp%2Fv2%2Fcomments&post=59821"}],"version-history":[{"count":2,"href":"https:\/\/zonaroja.com.mx\/index.php?rest_route=\/wp\/v2\/posts\/59821\/revisions"}],"predecessor-version":[{"id":59832,"href":"https:\/\/zonaroja.com.mx\/index.php?rest_route=\/wp\/v2\/posts\/59821\/revisions\/59832"}],"wp:featuredmedia":[{"embeddable":true,"href":"https:\/\/zonaroja.com.mx\/index.php?rest_route=\/wp\/v2\/media\/59823"}],"wp:attachment":[{"href":"https:\/\/zonaroja.com.mx\/index.php?rest_route=%2Fwp%2Fv2%2Fmedia&parent=59821"}],"wp:term":[{"taxonomy":"category","embeddable":true,"href":"https:\/\/zonaroja.com.mx\/index.php?rest_route=%2Fwp%2Fv2%2Fcategories&post=59821"},{"taxonomy":"post_tag","embeddable":true,"href":"https:\/\/zonaroja.com.mx\/index.php?rest_route=%2Fwp%2Fv2%2Ftags&post=59821"}],"curies":[{"name":"wp","href":"https:\/\/api.w.org\/{rel}","templated":true}]}}