{"id":59825,"date":"2023-09-13T20:42:04","date_gmt":"2023-09-14T01:42:04","guid":{"rendered":"http:\/\/www.zonaroja.com.mx\/?p=59825"},"modified":"2023-09-13T21:23:38","modified_gmt":"2023-09-14T02:23:38","slug":"asesina-a-mujer-en-la-costa-y-a-individuo-en-el-istmo-femenina-herida-en-valles","status":"publish","type":"post","link":"https:\/\/zonaroja.com.mx\/?p=59825","title":{"rendered":"Asesinan a mujer en la Costa y a individuo en el Istmo; femenina herida en Valles"},"content":{"rendered":"\n<p>Ismael Garc\u00eda M.\/Zona Roja.<\/p>\n\n\n\n<p>Oaxaca de Ju\u00e0rez, Oax., a 13 de noviembre de 2023.- Una mujer fue asesinada a balazos, uno de ellos en la cabeza, en el municipio de San Gabriel Mixtepec, en la regi\u00f3n de la Costa.<\/p>\n\n\n\n<p>El cuerpo fue localizado anoche en la localidad de Macahuite Blanco y la v\u00edctima fue identificada como Rosalba R. F., de 47 a\u00f1os de edad, quien ten\u00eda un cargo en dicha localidad.<\/p>\n\n\n\n<p>El presunto agresor, identificado de manera preliminar como Pedro Edmundo C. V., de 43 a\u00f1os de edad, fue detenido por la polic\u00eda municipal de San Gabriel Mixtepec y hasta ahora se desconoce el m\u00f3vil del probable feminicidio.<\/p>\n\n\n\n<p>Mientras tanto, en San Francisco Ixhuat\u00e1n, municipio de la regi\u00f3n Istmo, fue ejecutado a balazos un individuo y otro m\u00e1s result\u00f3 lesionado.<\/p>\n\n\n\n<p>Al menos cuatro sujetos armados ingresaron al domicilio de las v\u00edctimas, en la colonia L\u00e1zaro C\u00e1rdenas, y dispararon en repetidas ocasiones; el hoy occiso respondi\u00f3 en vida al nombre de Fernando G. G., de 25 a\u00f1os de edad, mientras que su padre result\u00f3 lesionado y trasladado a un hospital.<\/p>\n\n\n\n<p>Y en Santa Cruz Xococotl\u00e1n, una mujer fue herida de bala por una supuesta ri\u00f1a en un taller mec\u00e1nico de la colonia Independencia.<\/p>\n\n\n\n<p>La v\u00edctima no amerit\u00f3 traslado hacia un hospital y dijo llamarse Perla \u201cN\u201d, de 37 a\u00f1os de edad.<\/p>\n","protected":false},"excerpt":{"rendered":"<p>Ismael Garc\u00eda M.\/Zona Roja. Oaxaca de Ju\u00e0rez, Oax., a 13 de noviembre de 2023.- Una&hellip;<\/p>\n","protected":false},"author":2,"featured_media":38093,"comment_status":"closed","ping_status":"open","sticky":false,"template":"","format":"standard","meta":{"_lmt_disableupdate":"","_lmt_disable":"","_jetpack_memberships_contains_paid_content":false,"footnotes":""},"categories":[109,47],"tags":[1270],"class_list":["post-59825","post","type-post","status-publish","format-standard","has-post-thumbnail","hentry","category-minuto-a-minuto","category-zona-gris","tag-san-gabriel-mixtepec"],"jetpack_featured_media_url":"https:\/\/zonaroja.com.mx\/wp-content\/uploads\/2022\/02\/Policia-escena-seguridad-violencia-crimen.jpg","jetpack_sharing_enabled":true,"_links":{"self":[{"href":"https:\/\/zonaroja.com.mx\/index.php?rest_route=\/wp\/v2\/posts\/59825","targetHints":{"allow":["GET"]}}],"collection":[{"href":"https:\/\/zonaroja.com.mx\/index.php?rest_route=\/wp\/v2\/posts"}],"about":[{"href":"https:\/\/zonaroja.com.mx\/index.php?rest_route=\/wp\/v2\/types\/post"}],"author":[{"embeddable":true,"href":"https:\/\/zonaroja.com.mx\/index.php?rest_route=\/wp\/v2\/users\/2"}],"replies":[{"embeddable":true,"href":"https:\/\/zonaroja.com.mx\/index.php?rest_route=%2Fwp%2Fv2%2Fcomments&post=59825"}],"version-history":[{"count":3,"href":"https:\/\/zonaroja.com.mx\/index.php?rest_route=\/wp\/v2\/posts\/59825\/revisions"}],"predecessor-version":[{"id":59830,"href":"https:\/\/zonaroja.com.mx\/index.php?rest_route=\/wp\/v2\/posts\/59825\/revisions\/59830"}],"wp:featuredmedia":[{"embeddable":true,"href":"https:\/\/zonaroja.com.mx\/index.php?rest_route=\/wp\/v2\/media\/38093"}],"wp:attachment":[{"href":"https:\/\/zonaroja.com.mx\/index.php?rest_route=%2Fwp%2Fv2%2Fmedia&parent=59825"}],"wp:term":[{"taxonomy":"category","embeddable":true,"href":"https:\/\/zonaroja.com.mx\/index.php?rest_route=%2Fwp%2Fv2%2Fcategories&post=59825"},{"taxonomy":"post_tag","embeddable":true,"href":"https:\/\/zonaroja.com.mx\/index.php?rest_route=%2Fwp%2Fv2%2Ftags&post=59825"}],"curies":[{"name":"wp","href":"https:\/\/api.w.org\/{rel}","templated":true}]}}