{"id":59828,"date":"2023-09-13T21:22:55","date_gmt":"2023-09-14T02:22:55","guid":{"rendered":"http:\/\/www.zonaroja.com.mx\/?p=59828"},"modified":"2023-09-13T21:22:59","modified_gmt":"2023-09-14T02:22:59","slug":"condenan-victimas-de-nochixtlan-decision-de-jueza-al-liberar-a-ex-mando-policial","status":"publish","type":"post","link":"https:\/\/zonaroja.com.mx\/?p=59828","title":{"rendered":"Condenan v\u00edctimas de Nochixtl\u00e1n decisi\u00f3n de jueza al liberar a ex mando policial"},"content":{"rendered":"\n<p>Yuridiana Sosa\/Zona Roja.<\/p>\n\n\n\n<p>Oaxaca de Ju\u00e1rez, Oax., a 13 de septiembre de 2023.- El Comit\u00e9 de V\u00edctimas por Justicia y Verdad \u201c19 de junio\u201d,de Nochixtl\u00e1n,&nbsp; exigi\u00f3 la renuncia de la juez federal Guadalupe Patricia Ju\u00e1rez Hern\u00e1ndez, por decretar el cambio de medida cautelar para el ex jefe policiaco Froyl\u00e1n C. C., acusado de participar en la masacre de junio de 2016.<\/p>\n\n\n\n<p>En conferencia de prensa, los familiares y v\u00edctimas de los hechos se\u00f1alaron que Froyl\u00e1n C.C., acusado de homicidio calificado y lesiones calificadas por disparo de arma de fuego, seguir\u00e1 su proceso en libertad, con la \u00fanica condicionante que no salga del estado y se presente cada 15 d\u00edas a firmar.<\/p>\n\n\n\n<p>El Comit\u00e9 de V\u00edctimas condenaron la decisi\u00f3n de la jueza Ju\u00e1rez Hern\u00e1ndez, quien aseguran viol\u00f3 la resoluci\u00f3n de otros dos jueces federales que hab\u00edan declarado en febrero de 22 y enero de 2023 como improcedente el cambio de medida cautelar, a pesar de la edad de 70 a\u00f1os del ex mando policial.<\/p>\n\n\n\n<p>De acuerdo a los abogados de las v\u00edctimas, la jueza debi\u00f3 aplicar por lo menos prisi\u00f3n domiciliaria, por lo que el Comit\u00e9 proceder\u00e1 a interponer recursos de apelaci\u00f3n, pero a su vez, una queja ante el Consejo de la Judicatura contra la actuaci\u00f3n de la jueza.<\/p>\n\n\n\n<p>Ante estos hechos, el Comit\u00e9 de V\u00edctimas, acompa\u00f1ado por la Red de V\u00edctimas \u201cTom\u00e1s Mart\u00ednez\u201d, consider\u00f3 que la decisi\u00f3n de la Jueza significa un mensaje de impunidad para cientos de afectados en Oaxaca, se\u00f1al\u00f3 el Comit\u00e9 de V\u00edctimas.<\/p>\n\n\n\n<p>Por su parte, la representaci\u00f3n de la Secci\u00f3n 22 del Sindicato Nacional de Trabajadores de la Educaci\u00f3n (SNTE), participante en los hechos por manifestarse contra la reforma educativa, indic\u00f3 que estas acciones de impunidad s\u00f3lo obligan a seguir con las manifestaciones para exigir justicia.<\/p>\n","protected":false},"excerpt":{"rendered":"<p>Yuridiana Sosa\/Zona Roja. Oaxaca de Ju\u00e1rez, Oax., a 13 de septiembre de 2023.- El Comit\u00e9&hellip;<\/p>\n","protected":false},"author":2,"featured_media":59822,"comment_status":"closed","ping_status":"open","sticky":false,"template":"","format":"standard","meta":{"_lmt_disableupdate":"","_lmt_disable":"","_jetpack_memberships_contains_paid_content":false,"footnotes":""},"categories":[109,47],"tags":[249],"class_list":["post-59828","post","type-post","status-publish","format-standard","has-post-thumbnail","hentry","category-minuto-a-minuto","category-zona-gris","tag-comite-de-victimas-nochixtlan"],"jetpack_featured_media_url":"https:\/\/zonaroja.com.mx\/wp-content\/uploads\/2023\/09\/Conferencia-Red-Estatal-Victimas-caso-Nochixtlan.jpg","jetpack_sharing_enabled":true,"_links":{"self":[{"href":"https:\/\/zonaroja.com.mx\/index.php?rest_route=\/wp\/v2\/posts\/59828","targetHints":{"allow":["GET"]}}],"collection":[{"href":"https:\/\/zonaroja.com.mx\/index.php?rest_route=\/wp\/v2\/posts"}],"about":[{"href":"https:\/\/zonaroja.com.mx\/index.php?rest_route=\/wp\/v2\/types\/post"}],"author":[{"embeddable":true,"href":"https:\/\/zonaroja.com.mx\/index.php?rest_route=\/wp\/v2\/users\/2"}],"replies":[{"embeddable":true,"href":"https:\/\/zonaroja.com.mx\/index.php?rest_route=%2Fwp%2Fv2%2Fcomments&post=59828"}],"version-history":[{"count":1,"href":"https:\/\/zonaroja.com.mx\/index.php?rest_route=\/wp\/v2\/posts\/59828\/revisions"}],"predecessor-version":[{"id":59829,"href":"https:\/\/zonaroja.com.mx\/index.php?rest_route=\/wp\/v2\/posts\/59828\/revisions\/59829"}],"wp:featuredmedia":[{"embeddable":true,"href":"https:\/\/zonaroja.com.mx\/index.php?rest_route=\/wp\/v2\/media\/59822"}],"wp:attachment":[{"href":"https:\/\/zonaroja.com.mx\/index.php?rest_route=%2Fwp%2Fv2%2Fmedia&parent=59828"}],"wp:term":[{"taxonomy":"category","embeddable":true,"href":"https:\/\/zonaroja.com.mx\/index.php?rest_route=%2Fwp%2Fv2%2Fcategories&post=59828"},{"taxonomy":"post_tag","embeddable":true,"href":"https:\/\/zonaroja.com.mx\/index.php?rest_route=%2Fwp%2Fv2%2Ftags&post=59828"}],"curies":[{"name":"wp","href":"https:\/\/api.w.org\/{rel}","templated":true}]}}