{"id":5983,"date":"2019-11-22T18:40:51","date_gmt":"2019-11-23T00:40:51","guid":{"rendered":"http:\/\/www.zonaroja.com.mx\/?p=5983"},"modified":"2019-11-22T18:40:54","modified_gmt":"2019-11-23T00:40:54","slug":"inauguran-manana-en-santa-monica-california-exposicion-de-francisco-toledo","status":"publish","type":"post","link":"https:\/\/zonaroja.com.mx\/?p=5983","title":{"rendered":"Inauguran ma\u00f1ana en Santa M\u00f3nica, California, exposici\u00f3n de Francisco Toledo"},"content":{"rendered":"\n<p>Redacci\u00f3n\/Zona Roja.<\/p>\n\n\n\n<p>Oaxaca de Ju\u00e1rez, Oax., 22 de noviembre\nde 2019.- Este s\u00e1bado, la galer\u00eda Latin American Masters (LAM) de Santa M\u00f3nica,\nCalifornia, Estados Unidos de Norteam\u00e9rica, abre sus puertas a la exposici\u00f3n \u201cFire\n&amp; Earth\u201d, del reconocido artista pl\u00e1stico Francisco Toledo.<\/p>\n\n\n\n<p>Para William Sheehy el trabajo del oaxaque\u00f1o\n(Juchit\u00e1n, Oaxaca, 17 de julio de 1940-5 de septiembre de 2019) es uno de los\nm\u00e1s complejos y variados si se habla de arte latinoamericano; \u201cno es cultura\nr\u00e1pida, es cultura que se fue alimentando de la historia\u201d, expresa el director\nde LAM.<\/p>\n\n\n\n<p>Curada por Trine Ellitsgaard, la\nexposici\u00f3n muestra por primera vez en Estados Unidos la obra en cer\u00e1mica de\nToledo, quien hab\u00eda expuesto en dicho pa\u00eds, gr\u00e1fica y pintura. <\/p>\n\n\n\n<p>Parte de las piezas que se podr\u00e1n\nadmirar abordan uno de los temas m\u00e1s graves en M\u00e9xico, la violencia y\ndesaparici\u00f3n de personas.<\/p>\n\n\n\n<p>Sheehy expone que en Latinoam\u00e9rica ha\nhabido grandes artistas, sin embargo, \u201cpara m\u00ed Toledo es uno de los \u00faltimos\nrealmente grandes artistas. <\/p>\n\n\n\n<p>\u201cMucho de lo que me interesa del arte\nde Latinoam\u00e9rica es el di\u00e1logo entre lo ancestral y lo moderno, y eso es muy\ninteresante porque el arte resuena de una manera atemporal, esto quiere decir\nque est\u00e1 fuera del tiempo, puede hablar de un momento hist\u00f3rico, pero en\nrealidad va m\u00e1s all\u00e1 y eso me parece muy emocionante eso no se ve muy seguido\u201d.<\/p>\n\n\n\n<p>Espera que con el paso del tiempo se\npueda regresar a un mundo en donde el arte no sea s\u00f3lo para gente rica o para\nespecular en las subastas en Nueva York (o en cualquier otro lado) y \u201cque deje\nde tratarse del dinero para volver a enfocarse en el concepto, la est\u00e9tica y el\nesp\u00edritu humano\u201d.<\/p>\n\n\n\n<p>\u201cTengo la esperanza de que cada vez m\u00e1s gente tendr\u00e1 la oportunidad de ver el arte latinoamericano. Muchas de las instituciones van a necesitar tener piezas importantes de arte latino porque la demograf\u00eda del mundo est\u00e1 cambiando y seg\u00fan el mundo va dejando de ser euroc\u00e9ntrico, muchas de las figuras relevantes en la cultura tendr\u00e1n m\u00e1s y m\u00e1s presi\u00f3n para ser m\u00e1s incluyentes\u201d, comenta Sheehy.<\/p>\n\n\n\n<figure class=\"wp-block-image\"><img decoding=\"async\" width=\"600\" height=\"900\" src=\"http:\/\/www.zonaroja.com.mx\/wp-content\/uploads\/2019\/11\/TOLEDO.jpeg\" alt=\"\" class=\"wp-image-5984\" srcset=\"https:\/\/zonaroja.com.mx\/wp-content\/uploads\/2019\/11\/TOLEDO.jpeg 600w, https:\/\/zonaroja.com.mx\/wp-content\/uploads\/2019\/11\/TOLEDO-200x300.jpeg 200w, https:\/\/zonaroja.com.mx\/wp-content\/uploads\/2019\/11\/TOLEDO-585x878.jpeg 585w\" sizes=\"(max-width: 600px) 100vw, 600px\" \/><\/figure>\n\n\n\n<p>El entrevistado platica que ha visto la\nobra de Toledo durante m\u00e1s de 40 a\u00f1os y a\u00fan no lo ha visto todo. <\/p>\n\n\n\n<p>\u201cComo suele suceder con cualquier gran\nartista, nunca se puede llegar al fondo y eso es muy emocionante. No puedo\npredecir el futuro, pero me gusta pensar que de alguna manera peque\u00f1a he\ncontribuido a hacer que su obra tenga un mayor alcance con el p\u00fablico,\nobviamente nunca hubiera podido hacer nada de eso sin el apoyo del artista\u201d.<\/p>\n\n\n\n<p>Al hablar de \u201cFire &amp; Earth\u201d,\nWilliam Sheehy dice que es una oportunidad interesante de poder ver a un\nartista singular que es famoso por su pintura y sus grabados, \u201cconsidero que\nentre los artistas m\u00e1s importantes, Francisco ten\u00eda un gran talento como\nescultor y trabajando en tres dimensiones ya que cuenta con la riqueza de las\nsuperficies que normalmente asociamos con la pintura, combinado con un uso muy\nimaginativo de los materiales\u201d.<\/p>\n\n\n\n<p>Detalla que las piezas en la exposici\u00f3n\nno son solamente cer\u00e1mica, tambi\u00e9n combinan madera, hoja de oro, pigmentos,\ngrabado, todo en la misma pieza lo cual va muy en la l\u00ednea de lo que fue Toledo\ncomo artista.<\/p>\n\n\n\n<p>\u201cEn la exposici\u00f3n tambi\u00e9n podemos\nobservar diferentes aspectos del lenguaje que Toledo desarroll\u00f3 como una manera\nde transmitir una forma de ver el mundo que realmente se trataba sobre la\nconexi\u00f3n entre los seres vivos y diferentes medios\u201d.<\/p>\n\n\n\n<p>William Sheehy agrega que la exposici\u00f3n\nno hubiera sido posible sin el apoyo de la familia del maestro Toledo a quien\nconsidera uno de los m\u00e1s grandes artistas de todos los tiempos, \u201ces un\nprivilegio poder haber estado en este planeta al mismo tiempo que \u00e9l\u201d.<\/p>\n\n\n\n<p>La relaci\u00f3n de Sheehy con Toledo se\nremonta a la retrospectiva que el artista hizo de su obra en el Museo de Arte Moderno\nde M\u00e9xico en 1980.<\/p>\n\n\n\n<p>\u201cEstaba tan impresionado con la\nexposici\u00f3n, nunca hab\u00eda visto a nadie trabajar como Francisco, con tantos\nmateriales, con tanto talento y con una profunda conexi\u00f3n con la naturaleza,\ncon la est\u00e9tica de la naturaleza, los colores, las texturas, sin pasar por alto\nla manera en la que produc\u00eda aquellos elementos en conjunto, como una manera de\nhablar sobre el mundo de los humanos y conectar ambos mundos\u201d.<\/p>\n\n\n\n<p>En 1987 Sheehy abri\u00f3 su galer\u00eda, sigui\u00f3\nla carrera del artista juchiteco y mantuvo contacto con \u00e9l, pero fue hasta el\na\u00f1o 2000 cuando Toledo, junto con su esposa Trine Ellitsgaard y dos de sus\nhijos, Sara y Benjam\u00edn, vivi\u00f3 durante un a\u00f1o en Santa M\u00f3nica, lo que permiti\u00f3\nque el galerista lo conociera mejor.<\/p>\n","protected":false},"excerpt":{"rendered":"<p>Redacci\u00f3n\/Zona Roja. Oaxaca de Ju\u00e1rez, Oax., 22 de noviembre de 2019.- Este s\u00e1bado, la galer\u00eda&hellip;<\/p>\n","protected":false},"author":2,"featured_media":5985,"comment_status":"closed","ping_status":"open","sticky":false,"template":"","format":"standard","meta":{"_lmt_disableupdate":"","_lmt_disable":"","_jetpack_memberships_contains_paid_content":false,"footnotes":""},"categories":[109,46],"tags":[677,929],"class_list":["post-5983","post","type-post","status-publish","format-standard","has-post-thumbnail","hentry","category-minuto-a-minuto","category-zona-blanca","tag-francisco-toledo","tag-latin-american-masters"],"jetpack_featured_media_url":"https:\/\/zonaroja.com.mx\/wp-content\/uploads\/2019\/11\/IMG_E25FB8DE7B2B-1.jpeg","jetpack_sharing_enabled":true,"_links":{"self":[{"href":"https:\/\/zonaroja.com.mx\/index.php?rest_route=\/wp\/v2\/posts\/5983","targetHints":{"allow":["GET"]}}],"collection":[{"href":"https:\/\/zonaroja.com.mx\/index.php?rest_route=\/wp\/v2\/posts"}],"about":[{"href":"https:\/\/zonaroja.com.mx\/index.php?rest_route=\/wp\/v2\/types\/post"}],"author":[{"embeddable":true,"href":"https:\/\/zonaroja.com.mx\/index.php?rest_route=\/wp\/v2\/users\/2"}],"replies":[{"embeddable":true,"href":"https:\/\/zonaroja.com.mx\/index.php?rest_route=%2Fwp%2Fv2%2Fcomments&post=5983"}],"version-history":[{"count":1,"href":"https:\/\/zonaroja.com.mx\/index.php?rest_route=\/wp\/v2\/posts\/5983\/revisions"}],"predecessor-version":[{"id":5986,"href":"https:\/\/zonaroja.com.mx\/index.php?rest_route=\/wp\/v2\/posts\/5983\/revisions\/5986"}],"wp:featuredmedia":[{"embeddable":true,"href":"https:\/\/zonaroja.com.mx\/index.php?rest_route=\/wp\/v2\/media\/5985"}],"wp:attachment":[{"href":"https:\/\/zonaroja.com.mx\/index.php?rest_route=%2Fwp%2Fv2%2Fmedia&parent=5983"}],"wp:term":[{"taxonomy":"category","embeddable":true,"href":"https:\/\/zonaroja.com.mx\/index.php?rest_route=%2Fwp%2Fv2%2Fcategories&post=5983"},{"taxonomy":"post_tag","embeddable":true,"href":"https:\/\/zonaroja.com.mx\/index.php?rest_route=%2Fwp%2Fv2%2Ftags&post=5983"}],"curies":[{"name":"wp","href":"https:\/\/api.w.org\/{rel}","templated":true}]}}