{"id":59839,"date":"2023-09-14T10:30:00","date_gmt":"2023-09-14T15:30:00","guid":{"rendered":"http:\/\/www.zonaroja.com.mx\/?p=59839"},"modified":"2023-09-14T07:55:54","modified_gmt":"2023-09-14T12:55:54","slug":"dictan-sentencia-de-30-anos-a-sujeto-que-violo-a-una-menor-de-edad","status":"publish","type":"post","link":"https:\/\/zonaroja.com.mx\/?p=59839","title":{"rendered":"Dictan sentencia de 30 a\u00f1os a sujeto que viol\u00f3 a una menor de edad"},"content":{"rendered":"\n<p>Redacci\u00f3n\/Zona Roja.&nbsp;<\/p>\n\n\n\n<p>Oaxaca de Ju\u00e1rez, Oax., a 14 de septiembre de 2023.-&nbsp;El trabajo con perspectiva de g\u00e9nero que lleva a cabo la Fiscal\u00eda General del Estado de Oaxaca (FGEO), a trav\u00e9s de sus \u00e1reas especializadas, dio como resultado la obtenci\u00f3n de una sentencia condenatoria de 30 a\u00f1os de prisi\u00f3n en contra de W.C.R., responsable por el delito de Equiparado a la Violaci\u00f3n, cometido en contra de una menor de edad, en la regi\u00f3n de la Costa.<\/p>\n\n\n\n<p>Los hechos sucedieron el 16 de agosto de 2018, cuando la v\u00edctima (cuya identidad est\u00e1 reservada por ley) se encontraba en su domicilio, localizado en Puerto Escondido, en el municipio de San Pedro Mixtepec.<\/p>\n\n\n\n<p>En ese momento, fue sorprendida por W.C.R., quien la agredi\u00f3 sexualmente, conducta que se configura en el delito de Equiparada a la Violaci\u00f3n Agravada.<\/p>\n\n\n\n<p>Luego que la FGEO recibi\u00f3 la denuncia, se iniciaron las investigaciones correspondientes a trav\u00e9s de la Vicefiscal\u00eda Regional de la Costa, que logr\u00f3 la detenci\u00f3n del imputado a quien llev\u00f3 ante las autoridades.<\/p>\n\n\n\n<p>El Juez que atiende la causa evalu\u00f3 las pruebas aportadas por el Ministerio P\u00fablico y dict\u00f3 sentencia condenatoria de 30 a\u00f1os de prisi\u00f3n en contra de W. C. R., adem\u00e1s que impuso el pago de m\u00e1s de 211 mil pesos por el concepto multa.<\/p>\n\n\n\n<p>La Fiscal\u00eda de Oaxaca cuenta con \u00e1reas de atenci\u00f3n especializada para dar acompa\u00f1amiento integral a las v\u00edctimas en sus procesos de procuraci\u00f3n de justicia.<\/p>\n\n\n\n<p>CRUELDAD ANIMAL<\/p>\n\n\n\n<p>Por otra parte, la Fiscal\u00eda General del Estado logr\u00f3 que se judicializara el caso de una agresi\u00f3n cometida contra un animal vertebrado, registrada el pasado 11 de agosto de 2023 en San Antonio de la Cal.<\/p>\n\n\n\n<p>A trav\u00e9s de las investigaciones realizadas por la Unidad Operativa Especializada contra la Crueldad Animal, perteneciente a la Direcci\u00f3n de Averiguaciones Previas, la FGEO obtuvo evidencia cient\u00edfica suficiente -con la participaci\u00f3n de un perito veterinario, as\u00ed como de agentes del Ministerio P\u00fablico-, que permitieron llevar ante el juez el caso.<\/p>\n\n\n\n<p>De acuerdo con la causa penal 996\/2023, los hechos tuvieron lugar en San Antonio de la Cal, donde la persona imputada habr\u00eda causado lesiones a un perro con un objeto corto contundente (machete), mismas que pusieron en peligro la vida del animal.<\/p>\n\n\n\n<p>Debido a esto, la Unidad Operativa Especializada contra la Crueldad Animal tom\u00f3 el caso y despleg\u00f3 un equipo multidisciplinario especializado, que permiti\u00f3 obtener indicios para solicitar ante el juez la audiencia correspondiente que est\u00e1 por ser agendada.&nbsp;<\/p>\n\n\n\n<p>La Fiscal\u00eda General del Estado investiga y atiende los casos de delitos cometidos en contra de animales vertebrados, pues el maltrato y violencia en su contra est\u00e1 tipificado en el C\u00f3digo Penal de Oaxaca.<\/p>\n","protected":false},"excerpt":{"rendered":"<p>Redacci\u00f3n\/Zona Roja.&nbsp; Oaxaca de Ju\u00e1rez, Oax., a 14 de septiembre de 2023.-&nbsp;El trabajo con perspectiva&hellip;<\/p>\n","protected":false},"author":2,"featured_media":37281,"comment_status":"closed","ping_status":"open","sticky":false,"template":"","format":"standard","meta":{"_lmt_disableupdate":"","_lmt_disable":"","_jetpack_memberships_contains_paid_content":false,"footnotes":""},"categories":[109,46],"tags":[494],"class_list":["post-59839","post","type-post","status-publish","format-standard","has-post-thumbnail","hentry","category-minuto-a-minuto","category-zona-blanca","tag-fiscalia-general-del-estado-de-oaxaca"],"jetpack_featured_media_url":"https:\/\/zonaroja.com.mx\/wp-content\/uploads\/2022\/02\/Sentencia-corte-tribunal-poder-judicial.jpg","jetpack_sharing_enabled":true,"_links":{"self":[{"href":"https:\/\/zonaroja.com.mx\/index.php?rest_route=\/wp\/v2\/posts\/59839","targetHints":{"allow":["GET"]}}],"collection":[{"href":"https:\/\/zonaroja.com.mx\/index.php?rest_route=\/wp\/v2\/posts"}],"about":[{"href":"https:\/\/zonaroja.com.mx\/index.php?rest_route=\/wp\/v2\/types\/post"}],"author":[{"embeddable":true,"href":"https:\/\/zonaroja.com.mx\/index.php?rest_route=\/wp\/v2\/users\/2"}],"replies":[{"embeddable":true,"href":"https:\/\/zonaroja.com.mx\/index.php?rest_route=%2Fwp%2Fv2%2Fcomments&post=59839"}],"version-history":[{"count":1,"href":"https:\/\/zonaroja.com.mx\/index.php?rest_route=\/wp\/v2\/posts\/59839\/revisions"}],"predecessor-version":[{"id":59840,"href":"https:\/\/zonaroja.com.mx\/index.php?rest_route=\/wp\/v2\/posts\/59839\/revisions\/59840"}],"wp:featuredmedia":[{"embeddable":true,"href":"https:\/\/zonaroja.com.mx\/index.php?rest_route=\/wp\/v2\/media\/37281"}],"wp:attachment":[{"href":"https:\/\/zonaroja.com.mx\/index.php?rest_route=%2Fwp%2Fv2%2Fmedia&parent=59839"}],"wp:term":[{"taxonomy":"category","embeddable":true,"href":"https:\/\/zonaroja.com.mx\/index.php?rest_route=%2Fwp%2Fv2%2Fcategories&post=59839"},{"taxonomy":"post_tag","embeddable":true,"href":"https:\/\/zonaroja.com.mx\/index.php?rest_route=%2Fwp%2Fv2%2Ftags&post=59839"}],"curies":[{"name":"wp","href":"https:\/\/api.w.org\/{rel}","templated":true}]}}