{"id":59846,"date":"2023-09-14T11:30:00","date_gmt":"2023-09-14T16:30:00","guid":{"rendered":"http:\/\/www.zonaroja.com.mx\/?p=59846"},"modified":"2023-09-14T08:15:28","modified_gmt":"2023-09-14T13:15:28","slug":"arranca-santa-lucia-del-camino-perforacion-de-pozo-profundo","status":"publish","type":"post","link":"https:\/\/zonaroja.com.mx\/?p=59846","title":{"rendered":"Arranca Santa Luc\u00eda del Camino perforaci\u00f3n de pozo profundo"},"content":{"rendered":"\n<p>Redacci\u00f3n\/Zona Roja.<\/p>\n\n\n\n<p>Oaxaca de Ju\u00e1rez, Oax., a 14 de septiembre de 2023.- El presidente municipal de Santa Luc\u00eda del Camino, Juan Carlos Garc\u00eda M\u00e1rquez, dio arranque a los trabajos de perforaci\u00f3n del pozo profundo (reposici\u00f3n del pozo 1) que abastece del vital l\u00edquido a la cabecera municipal.<\/p>\n\n\n\n<p>En un acto p\u00fablico, con presencia de las y los beneficiados, mencion\u00f3 que, en campa\u00f1a prometi\u00f3 hacer estudios geof\u00edsicos para valorar la perforaci\u00f3n de nuevos pozos, los cuales ha realizado.&nbsp;<\/p>\n\n\n\n<p>El pozo profundo n\u00famero 1 por sus a\u00f1os de construcci\u00f3n (hace m\u00e1s de 40 a\u00f1os) y la falta de mantenimiento (el \u00faltimo fue hace 16 a\u00f1os) es imposible en la actualidad darle mantenimiento a la columna del pozo que est\u00e1 desviada y da\u00f1ada, por lo que existe un alto riesgo de que colapse.&nbsp;<\/p>\n\n\n\n<p>Por ello, se han comenzado los trabajos para reponerlo metros m\u00e1s adelante, los cuales durar\u00e1 aproximadamente dos meses.&nbsp;<\/p>\n\n\n\n<p>El pol\u00edtico morenista hizo un llamado a todos esos actores que quieren intervenir e interferir en contra del bienestar y progreso de Santa Luc\u00eda del Camino y los invit\u00f3 a unirse por el bien colectiva, \u201cNo se vale buscar intereses personales\u201d; apunto.<\/p>\n\n\n\n<p>Finalmente, el presidente Garc\u00eda M\u00e1rquez agradeci\u00f3 a su Cabildo y a vecinos por su respaldo y puntualiz\u00f3 que no es un gobierno que busque protagonismos, sino soluciones.<\/p>\n\n\n\n<figure class=\"wp-block-embed\"><div class=\"wp-block-embed__wrapper\">\nhttps:\/\/x.com\/ZonaRoja_Oaxaca\/status\/1702030548838007111?s=20\n<\/div><\/figure>\n","protected":false},"excerpt":{"rendered":"<p>Redacci\u00f3n\/Zona Roja. Oaxaca de Ju\u00e1rez, Oax., a 14 de septiembre de 2023.- El presidente municipal&hellip;<\/p>\n","protected":false},"author":2,"featured_media":59847,"comment_status":"closed","ping_status":"open","sticky":false,"template":"","format":"standard","meta":{"_lmt_disableupdate":"","_lmt_disable":"","_jetpack_memberships_contains_paid_content":false,"footnotes":""},"categories":[109,46],"tags":[337],"class_list":["post-59846","post","type-post","status-publish","format-standard","has-post-thumbnail","hentry","category-minuto-a-minuto","category-zona-blanca","tag-santa-lucia-del-camino"],"jetpack_featured_media_url":"https:\/\/zonaroja.com.mx\/wp-content\/uploads\/2023\/09\/Obra-Santa-Lucia-del-Camino.jpg","jetpack_sharing_enabled":true,"_links":{"self":[{"href":"https:\/\/zonaroja.com.mx\/index.php?rest_route=\/wp\/v2\/posts\/59846","targetHints":{"allow":["GET"]}}],"collection":[{"href":"https:\/\/zonaroja.com.mx\/index.php?rest_route=\/wp\/v2\/posts"}],"about":[{"href":"https:\/\/zonaroja.com.mx\/index.php?rest_route=\/wp\/v2\/types\/post"}],"author":[{"embeddable":true,"href":"https:\/\/zonaroja.com.mx\/index.php?rest_route=\/wp\/v2\/users\/2"}],"replies":[{"embeddable":true,"href":"https:\/\/zonaroja.com.mx\/index.php?rest_route=%2Fwp%2Fv2%2Fcomments&post=59846"}],"version-history":[{"count":1,"href":"https:\/\/zonaroja.com.mx\/index.php?rest_route=\/wp\/v2\/posts\/59846\/revisions"}],"predecessor-version":[{"id":59848,"href":"https:\/\/zonaroja.com.mx\/index.php?rest_route=\/wp\/v2\/posts\/59846\/revisions\/59848"}],"wp:featuredmedia":[{"embeddable":true,"href":"https:\/\/zonaroja.com.mx\/index.php?rest_route=\/wp\/v2\/media\/59847"}],"wp:attachment":[{"href":"https:\/\/zonaroja.com.mx\/index.php?rest_route=%2Fwp%2Fv2%2Fmedia&parent=59846"}],"wp:term":[{"taxonomy":"category","embeddable":true,"href":"https:\/\/zonaroja.com.mx\/index.php?rest_route=%2Fwp%2Fv2%2Fcategories&post=59846"},{"taxonomy":"post_tag","embeddable":true,"href":"https:\/\/zonaroja.com.mx\/index.php?rest_route=%2Fwp%2Fv2%2Ftags&post=59846"}],"curies":[{"name":"wp","href":"https:\/\/api.w.org\/{rel}","templated":true}]}}