{"id":59849,"date":"2023-09-14T08:34:16","date_gmt":"2023-09-14T13:34:16","guid":{"rendered":"http:\/\/www.zonaroja.com.mx\/?p=59849"},"modified":"2023-09-14T08:34:19","modified_gmt":"2023-09-14T13:34:19","slug":"rechaza-titular-del-ieepco-desvio-de-recursos-confirman-separacion-temporal","status":"publish","type":"post","link":"https:\/\/zonaroja.com.mx\/?p=59849","title":{"rendered":"Rechaza titular del IEEPCO desv\u00edo de recursos; confirman separaci\u00f3n temporal"},"content":{"rendered":"\n<p>Ismael Garc\u00eda M.\/Zona Roja.<\/p>\n\n\n\n<p>Oaxaca de Ju\u00e1rez, Oax., a 14 de septiembre de 2023.- La presidenta del Consejo General del Instituto Estatal Electoral y de Participaci\u00f3n Ciudadana rechaz\u00f3 que haya desv\u00edo de recursos en la instituci\u00f3n.<\/p>\n\n\n\n<p>\u201cNiego categ\u00f3ricamente el desv\u00edo de recursos del que se me acusa. Por el contrario, durante mi administraci\u00f3n se ha hecho uso eficiente de los recursos, tal es as\u00ed que durante el pasado proceso electoral se lograron ahorros considerables\u201d, dijo en un comunicado.<\/p>\n\n\n\n<p>Ayer, de acuerdo con una auditor\u00eda practicada por la Contralor\u00eda interna del \u00f3rgano, se detect\u00f3 un probable desv\u00edo de recursos por m\u00e1s de 19 millones de pesos, por lo cual la presidenta del IEEPCO fue separada temporalmente de su cargo.<\/p>\n\n\n\n<p>\u201cTomar\u00e9 la ruta legal m\u00e1s \u00f3ptima para la aclaraci\u00f3n de las imputaciones que e han se\u00f1alado y la defensa de mis derechos procesales. Mi compromiso absoluto es con el proceso electoral 2023-2024 y con las y los ciudadanos, para garantizar sus derecho pol\u00edtico-electorales.<\/p>\n\n\n\n<p>\u201cNo habr\u00e1 obst\u00e1culos que entorpezcan las actividades que el IEEPCO tiene calendarizadas y desempe\u00f1a para garantizar los derechos pol\u00edtico-electorales de las y los oaxaque\u00f1os\u201d, difundi\u00f3, al reiterar su compromiso con la responsabilidad conferida.<\/p>\n\n\n\n<p>Por su parte, la instituci\u00f3n electoral estatal confirm\u00f3 en un comunicado los hechos, a trav\u00e9s de un comunicado:<\/p>\n\n\n\n<p>\u201cEste mi\u00e9rcoles 13 de septiembre, la Contralor\u00eda Interna del Instituto Estatal Electoral y de Participaci\u00f3n Ciudadana de Oaxaca orden\u00f3 la suspensi\u00f3n de la presidencia de este instituto; en este sentido, en estricto apego a la norma electoral, el Consejo General determinar\u00e1 las acciones conducentes.<\/p>\n\n\n\n<p>\u201cEl IEEPCO se encuentra listo para cumplir las acciones de car\u00e1cter electoral y administrativas que se presenten en el marco del proceso electoral recientemente iniciado, en el que se renovar\u00e1 el Congreso Local y 153 ayuntamientos por el sistema de partidos pol\u00edticos para lo cual se estima que se instalar\u00e1n m\u00e1s de 5,800 casillas.<\/p>\n\n\n\n<p>\u201cEl Consejo General y todo el personal que integra el \u00f3rgano electoral reiteramos el compromiso con la ciudadan\u00eda oaxaque\u00f1a de organizar elecciones libres, aut\u00e9nticas, equitativas e incluyentes, con apego a los principios rectores de certeza, legalidad, independencia, imparcialidad, interculturalidad, m\u00e1xima publicidad y objetividad\u201d.<\/p>\n","protected":false},"excerpt":{"rendered":"<p>Ismael Garc\u00eda M.\/Zona Roja. Oaxaca de Ju\u00e1rez, Oax., a 14 de septiembre de 2023.- La&hellip;<\/p>\n","protected":false},"author":2,"featured_media":59850,"comment_status":"closed","ping_status":"open","sticky":false,"template":"","format":"standard","meta":{"_lmt_disableupdate":"","_lmt_disable":"","_jetpack_memberships_contains_paid_content":false,"footnotes":""},"categories":[109,46],"tags":[2932],"class_list":["post-59849","post","type-post","status-publish","format-standard","has-post-thumbnail","hentry","category-minuto-a-minuto","category-zona-blanca","tag-instituto-estatal-electoral-y-de-participacion-ciudadana-de-oaxaca-ieepco"],"jetpack_featured_media_url":"https:\/\/zonaroja.com.mx\/wp-content\/uploads\/2023\/09\/Posicionamiento-IEEPCO.jpg","jetpack_sharing_enabled":true,"_links":{"self":[{"href":"https:\/\/zonaroja.com.mx\/index.php?rest_route=\/wp\/v2\/posts\/59849","targetHints":{"allow":["GET"]}}],"collection":[{"href":"https:\/\/zonaroja.com.mx\/index.php?rest_route=\/wp\/v2\/posts"}],"about":[{"href":"https:\/\/zonaroja.com.mx\/index.php?rest_route=\/wp\/v2\/types\/post"}],"author":[{"embeddable":true,"href":"https:\/\/zonaroja.com.mx\/index.php?rest_route=\/wp\/v2\/users\/2"}],"replies":[{"embeddable":true,"href":"https:\/\/zonaroja.com.mx\/index.php?rest_route=%2Fwp%2Fv2%2Fcomments&post=59849"}],"version-history":[{"count":1,"href":"https:\/\/zonaroja.com.mx\/index.php?rest_route=\/wp\/v2\/posts\/59849\/revisions"}],"predecessor-version":[{"id":59851,"href":"https:\/\/zonaroja.com.mx\/index.php?rest_route=\/wp\/v2\/posts\/59849\/revisions\/59851"}],"wp:featuredmedia":[{"embeddable":true,"href":"https:\/\/zonaroja.com.mx\/index.php?rest_route=\/wp\/v2\/media\/59850"}],"wp:attachment":[{"href":"https:\/\/zonaroja.com.mx\/index.php?rest_route=%2Fwp%2Fv2%2Fmedia&parent=59849"}],"wp:term":[{"taxonomy":"category","embeddable":true,"href":"https:\/\/zonaroja.com.mx\/index.php?rest_route=%2Fwp%2Fv2%2Fcategories&post=59849"},{"taxonomy":"post_tag","embeddable":true,"href":"https:\/\/zonaroja.com.mx\/index.php?rest_route=%2Fwp%2Fv2%2Ftags&post=59849"}],"curies":[{"name":"wp","href":"https:\/\/api.w.org\/{rel}","templated":true}]}}