{"id":59852,"date":"2023-09-14T12:30:00","date_gmt":"2023-09-14T17:30:00","guid":{"rendered":"http:\/\/www.zonaroja.com.mx\/?p=59852"},"modified":"2023-09-14T08:41:17","modified_gmt":"2023-09-14T13:41:17","slug":"exhortan-desde-el-congreso-a-visibilizar-barreras-de-mujeres-con-discapacidad","status":"publish","type":"post","link":"https:\/\/zonaroja.com.mx\/?p=59852","title":{"rendered":"Exhortan desde el Congreso a visibilizar barreras de mujeres con discapacidad"},"content":{"rendered":"\n<p>Redacci\u00f3n\/Zona Roja.<\/p>\n\n\n\n<p>Oaxaca de Ju\u00e1rez, Oax., a 14 de septiembre de 2023.-&nbsp;En el marco del D\u00eda Nacional de las Mujeres con Discapacidad, que se conmemora cada 12 de septiembre, la diputada independiente Mariana Ben\u00edtez Tiburcio, hizo un llamado desde el Congreso al gobierno estatal y municipios, as\u00ed como organismos aut\u00f3nomos para que dise\u00f1en e implementen pol\u00edticas p\u00fablicas para visibilizar y atender las necesidades, as\u00ed como la doble discriminaci\u00f3n que viven las mujeres con capacidades diferentes.<\/p>\n\n\n\n<p>\u201cLas barreras f\u00edsicas, comunicacionales, de informaci\u00f3n y actitudinales, as\u00ed como en el acceso a los espacios p\u00fablicos, a los servicios y los recursos, generan situaciones de exclusi\u00f3n perpetuando relaciones de dependencia y limitaciones en el acceso a la salud, educaci\u00f3n, recreaci\u00f3n y al \u00e1mbito laboral, entre otros espacios vitales\u201d, indic\u00f3 la legisladora.&nbsp;<\/p>\n\n\n\n<p>La congresista oaxaque\u00f1a detall\u00f3 que seg\u00fan el Censo de Poblaci\u00f3n y Vivienda 2020 realizado por el&nbsp;Instituto Nacional de Estad\u00edstica y Geograf\u00eda (INEGI), en M\u00e9xico existen m\u00e1s de 11 millones de mujeres con discapacidad o con alg\u00fan problema o condici\u00f3n mental, de las cuales 3 millones 734 mil que representan el 52% son mujeres y 3 millones 433 mil son hombres lo que representan el 48% del total.<\/p>\n\n\n\n<p>\u201cEl no encontrar empleos remunerados y de calidad, suele generar dependencia econ\u00f3mica de su entorno, lo que puede llevar a las mujeres con discapacidad a ser v\u00edctimas de situaciones de violencia, muchas veces no denuncian estos hechos por el miedo a la p\u00e9rdida de los v\u00ednculos y provisi\u00f3n\u201d, extern\u00f3. &nbsp;<\/p>\n\n\n\n<p>De igual manera, la diputada Mariana Ben\u00edtez Tiburcio se\u00f1al\u00f3 que las mujeres con discapacidad viven m\u00e1s violencia, adem\u00e1s que los refugios existentes en un 80 por ciento no son accesibles, lo que ejemplifica que los servicios de atenci\u00f3n a la violencia de g\u00e9nero contra las mujeres no est\u00e1n pensados para este sector.&nbsp;<\/p>\n\n\n\n<p>Por otra parte, la legisladora expuso que en materia de educaci\u00f3n las mujeres con discapacidad tienen un menor nivel de escolaridad, debido a que solo logran asistir a la educaci\u00f3n b\u00e1sica el 79 por ciento de las ni\u00f1as y adolescentes; mientras que el 20 por ciento asisten a educaci\u00f3n superior y s\u00f3lo 4 por ciento logran terminan la universidad.&nbsp;<\/p>\n\n\n\n<p>Ben\u00edtez Tiburcio expuso que la barrera de la comunicaci\u00f3n, permite que la violencia sexual contra las mujeres con discapacidad se perpet\u00fae en el tiempo, como sucedi\u00f3 en el caso de la adolescente Jessica originaria de Tapachula, Chiapas, quien ten\u00eda par\u00e1lisis cerebral y cuya familia se enter\u00f3 cuando ya ten\u00eda 5 meses de embarazo y a quien las autoridades de salud de le negaron el aborto, debido a que la Ley penal solo permit\u00eda el aborto por violaci\u00f3n hasta los primeros 90 d\u00edas de gestaci\u00f3n.&nbsp;<\/p>\n\n\n\n<p>\u201cEn el contexto anterior, celebro que el pasado 6 de septiembre la Primera Sala de la Suprema Corte de Justicia de la Naci\u00f3n declar\u00f3 inconstitucional los art\u00edculos de C\u00f3digo Penal Federal que criminalizan el aborto voluntario, avances como estos en materia de los derechos a la autonom\u00eda reproductiva de las mujeres, benefician a muchas mexicanas como Jessica, a los que la Ley les impone barreras para ejercerlos\u201d, recalc\u00f3.&nbsp;<\/p>\n\n\n\n<p>\u201cEs de suma importancia que las pol\u00edticas p\u00fablicas destinadas a la protecci\u00f3n de los derechos de la mujer transversalicen la discapacidad para poder brindar atenci\u00f3n hacia esa poblaci\u00f3n\u201d, concluy\u00f3.<\/p>\n","protected":false},"excerpt":{"rendered":"<p>Redacci\u00f3n\/Zona Roja. Oaxaca de Ju\u00e1rez, Oax., a 14 de septiembre de 2023.-&nbsp;En el marco del&hellip;<\/p>\n","protected":false},"author":2,"featured_media":59853,"comment_status":"closed","ping_status":"open","sticky":false,"template":"","format":"standard","meta":{"_lmt_disableupdate":"","_lmt_disable":"","_jetpack_memberships_contains_paid_content":false,"footnotes":""},"categories":[109,46],"tags":[2969],"class_list":["post-59852","post","type-post","status-publish","format-standard","has-post-thumbnail","hentry","category-minuto-a-minuto","category-zona-blanca","tag-mariana-benitez-tiburcio"],"jetpack_featured_media_url":"https:\/\/zonaroja.com.mx\/wp-content\/uploads\/2023\/09\/Mariana-Benitez-1.jpg","jetpack_sharing_enabled":true,"_links":{"self":[{"href":"https:\/\/zonaroja.com.mx\/index.php?rest_route=\/wp\/v2\/posts\/59852","targetHints":{"allow":["GET"]}}],"collection":[{"href":"https:\/\/zonaroja.com.mx\/index.php?rest_route=\/wp\/v2\/posts"}],"about":[{"href":"https:\/\/zonaroja.com.mx\/index.php?rest_route=\/wp\/v2\/types\/post"}],"author":[{"embeddable":true,"href":"https:\/\/zonaroja.com.mx\/index.php?rest_route=\/wp\/v2\/users\/2"}],"replies":[{"embeddable":true,"href":"https:\/\/zonaroja.com.mx\/index.php?rest_route=%2Fwp%2Fv2%2Fcomments&post=59852"}],"version-history":[{"count":1,"href":"https:\/\/zonaroja.com.mx\/index.php?rest_route=\/wp\/v2\/posts\/59852\/revisions"}],"predecessor-version":[{"id":59854,"href":"https:\/\/zonaroja.com.mx\/index.php?rest_route=\/wp\/v2\/posts\/59852\/revisions\/59854"}],"wp:featuredmedia":[{"embeddable":true,"href":"https:\/\/zonaroja.com.mx\/index.php?rest_route=\/wp\/v2\/media\/59853"}],"wp:attachment":[{"href":"https:\/\/zonaroja.com.mx\/index.php?rest_route=%2Fwp%2Fv2%2Fmedia&parent=59852"}],"wp:term":[{"taxonomy":"category","embeddable":true,"href":"https:\/\/zonaroja.com.mx\/index.php?rest_route=%2Fwp%2Fv2%2Fcategories&post=59852"},{"taxonomy":"post_tag","embeddable":true,"href":"https:\/\/zonaroja.com.mx\/index.php?rest_route=%2Fwp%2Fv2%2Ftags&post=59852"}],"curies":[{"name":"wp","href":"https:\/\/api.w.org\/{rel}","templated":true}]}}