{"id":59855,"date":"2023-09-14T08:57:56","date_gmt":"2023-09-14T13:57:56","guid":{"rendered":"http:\/\/www.zonaroja.com.mx\/?p=59855"},"modified":"2023-09-14T08:57:59","modified_gmt":"2023-09-14T13:57:59","slug":"identifican-a-familia-ejecutada-a-balazos-en-etla-oaxaca","status":"publish","type":"post","link":"https:\/\/zonaroja.com.mx\/?p=59855","title":{"rendered":"Identifican a familia ejecutada a balazos en Etla, Oaxaca"},"content":{"rendered":"\n<p>Ismael Garc\u00eda M.\/Zona Roja.<\/p>\n\n\n\n<p>Oaxaca de Ju\u00e1rez, Oax., a 14 de septiembre de 2023.- Como Ivana G. S. D., de nueve a\u00f1os de edad; Santiago Abraham S. S., de 30 a\u00f1os, y Giovany Manuel S. S., de 25 a\u00f1os, fueron identificadas las tres personas ejecutadas anoche en la Villa de Etla, municipio de la regi\u00f3n Valles Centrales de Oaxaca.<\/p>\n\n\n\n<p>Las v\u00edctimas, integrantes de la misma familia, fueron atacadas a balazos cerca de las 20:00 horas en un negocio de lavado de autos, en la calle Independencia, a escasas cuadras del palacio municipal.<\/p>\n\n\n\n<p>La ausencia de polic\u00edas municipales y estatales en la zona permiti\u00f3 que los agresores huyeran sin contratiempos. Familiares llegaron al sitio del triple homicidio para identificar los cuerpos.<\/p>\n\n\n\n<p>En tanto, la Fiscal\u00eda General del Estado despleg\u00f3 un equipo multidisciplinario para iniciar las indagatorias de los hechos, en tanto que personal de la Agencia Estatal de Investigaciones recaba datos de prueba.<\/p>\n\n\n\n<p>Hasta el momento se desconoce el m\u00f3vil del asesinato.<\/p>\n\n\n\n<p>Cabe mencionar que ayer mi\u00e9rcoles, un individuo fue ejecutado a balazos en San Francisco Ixhuat\u00e1n, municipio de la regi\u00f3n del Istmo, mientras que otra persona result\u00f3 lesionada.<\/p>\n\n\n\n<p>En Santa Cruz Xoxocotl\u00e1n, regi\u00f3n de Valles Centrales, una mujer fue lesionada de bala presuntamente en una ri\u00f1a familiar.<\/p>\n","protected":false},"excerpt":{"rendered":"<p>Ismael Garc\u00eda M.\/Zona Roja. Oaxaca de Ju\u00e1rez, Oax., a 14 de septiembre de 2023.- Como&hellip;<\/p>\n","protected":false},"author":2,"featured_media":59856,"comment_status":"closed","ping_status":"open","sticky":false,"template":"","format":"standard","meta":{"_lmt_disableupdate":"","_lmt_disable":"","_jetpack_memberships_contains_paid_content":false,"footnotes":""},"categories":[109,51],"tags":[882],"class_list":["post-59855","post","type-post","status-publish","format-standard","has-post-thumbnail","hentry","category-minuto-a-minuto","category-zona-roja","tag-villa-de-etla"],"jetpack_featured_media_url":"https:\/\/zonaroja.com.mx\/wp-content\/uploads\/2023\/09\/Tres-ejecutados-Villa-de-Etla.jpg","jetpack_sharing_enabled":true,"_links":{"self":[{"href":"https:\/\/zonaroja.com.mx\/index.php?rest_route=\/wp\/v2\/posts\/59855","targetHints":{"allow":["GET"]}}],"collection":[{"href":"https:\/\/zonaroja.com.mx\/index.php?rest_route=\/wp\/v2\/posts"}],"about":[{"href":"https:\/\/zonaroja.com.mx\/index.php?rest_route=\/wp\/v2\/types\/post"}],"author":[{"embeddable":true,"href":"https:\/\/zonaroja.com.mx\/index.php?rest_route=\/wp\/v2\/users\/2"}],"replies":[{"embeddable":true,"href":"https:\/\/zonaroja.com.mx\/index.php?rest_route=%2Fwp%2Fv2%2Fcomments&post=59855"}],"version-history":[{"count":1,"href":"https:\/\/zonaroja.com.mx\/index.php?rest_route=\/wp\/v2\/posts\/59855\/revisions"}],"predecessor-version":[{"id":59857,"href":"https:\/\/zonaroja.com.mx\/index.php?rest_route=\/wp\/v2\/posts\/59855\/revisions\/59857"}],"wp:featuredmedia":[{"embeddable":true,"href":"https:\/\/zonaroja.com.mx\/index.php?rest_route=\/wp\/v2\/media\/59856"}],"wp:attachment":[{"href":"https:\/\/zonaroja.com.mx\/index.php?rest_route=%2Fwp%2Fv2%2Fmedia&parent=59855"}],"wp:term":[{"taxonomy":"category","embeddable":true,"href":"https:\/\/zonaroja.com.mx\/index.php?rest_route=%2Fwp%2Fv2%2Fcategories&post=59855"},{"taxonomy":"post_tag","embeddable":true,"href":"https:\/\/zonaroja.com.mx\/index.php?rest_route=%2Fwp%2Fv2%2Ftags&post=59855"}],"curies":[{"name":"wp","href":"https:\/\/api.w.org\/{rel}","templated":true}]}}