{"id":59858,"date":"2023-09-14T09:15:40","date_gmt":"2023-09-14T14:15:40","guid":{"rendered":"http:\/\/www.zonaroja.com.mx\/?p=59858"},"modified":"2023-09-14T09:15:41","modified_gmt":"2023-09-14T14:15:41","slug":"asegura-el-inpi-que-colabora-con-instancias-ante-denuncia-de-acoso-sexual","status":"publish","type":"post","link":"https:\/\/zonaroja.com.mx\/?p=59858","title":{"rendered":"Asegura el INPI que colabora con instancias ante denuncia de acoso sexual"},"content":{"rendered":"\n<p>Redacci\u00f3n\/Zona Roja.<\/p>\n\n\n\n<p>Oaxaca de Ju\u00e1rez, Oax., a 14 de septiembre de 2023.- Tras la denuncia de acoso sexual de la ex trabajadora del Instituto Nacional de Pueblos Ind\u00edgenas (INPI), Adriana Hern\u00e1ndez V\u00e1squez, la instituci\u00f3n que encabeza el oaxaque\u00f1o Adelfo Regino Montes inform\u00f3 que coadyuvar\u00e1 con las indagatorias.<\/p>\n\n\n\n<p>En un comunicado de prensa, expuso que \u201cofrece su absoluta colaboraci\u00f3n a las instancias competentes, para que se esclarezcan las denuncias presentadas por colectivos de mujeres y se deslinden responsabilidades\u201d.<\/p>\n\n\n\n<p>Este es el bolet\u00edn:<\/p>\n\n\n\n<p>Con relaci\u00f3n a la denuncia p\u00fablica realizada por la ciudadana Adriana Hern\u00e1ndez V\u00e1squez, este Instituto considera necesario expresar lo siguiente:<\/p>\n\n\n\n<p>El INPI, dentro de su \u00e1mbito de competencia, condena en\u00e9rgicamente la violencia contra las mujeres en todas sus formas. Quienes cometan estos il\u00edcitos, deben asumir su responsabilidad y asumir las consecuencias de sus actos conforme a las leyes aplicables.<\/p>\n\n\n\n<p>Consecuentes con lo anterior, tan pronto como se conoci\u00f3 la denuncia p\u00fablica contra servidores p\u00fablicos de la instituci\u00f3n, el d\u00eda 07 de septiembre de 2023, se hizo la denuncia correspondiente ante el \u00d3rgano Interno de Control de la Secretar\u00eda de la Funci\u00f3n P\u00fablica en el INPI, a fin de que se lleve a cabo la investigaci\u00f3n en todos sus t\u00e9rminos y, con ello, se deslinden las responsabilidades y se impongan las sanciones que correspondan.&nbsp;<\/p>\n\n\n\n<p>Se ha convocado al Comit\u00e9 de \u00c9tica y de Prevenci\u00f3n de Conflictos de Intereses del Instituto, a fin de que, conforme a sus atribuciones, realice las investigaciones y tomen las decisiones que correspondan. El Comit\u00e9 es un \u00f3rgano democr\u00e1ticamente integrado que tiene a su cargo el fomento de la \u00e9tica e integridad en el servicio p\u00fablico y la prevenci\u00f3n de conflicto de intereses, a fin de prevenir la comisi\u00f3n de faltas administrativas y hechos de corrupci\u00f3n, as\u00ed como de aquellos actos que violenten derechos humanos o impliquen violencia de g\u00e9nero.<br>Para el seguimiento de las investigaciones y acciones que adopten las autoridades competentes, tanto del Instituto como de la Fiscal\u00eda General de Justicia del Estado de Oaxaca, el Director General de este Instituto ha instruido a todas las personas funcionarias p\u00fablicas, principalmente&nbsp;Coordinadoras Generales y Directoras de \u00c1rea, brindar todas las facilidades para el desahogo de las investigaciones a fin de que se haga justicia.<\/p>\n\n\n\n<p>El Instituto no ha encubierto, ni va a encubrir, bajo ninguna circunstancia, a ninguna persona que est\u00e9 involucrada en los hechos denunciados. Por lo tanto, el Instituto ofrece absoluta colaboraci\u00f3n a la Fiscal\u00eda General de Justicia del Estado de Oaxaca para que realice todas las investigaciones y deslinde las responsabilidades ejerciendo las acciones penales que procedan, poniendo a su disposici\u00f3n toda la informaci\u00f3n de que dispone, sin reserva alguna, a fin de lograr el respeto cabal a los derechos de las mujeres y en especial de las mujeres ind\u00edgenas.<\/p>\n","protected":false},"excerpt":{"rendered":"<p>Redacci\u00f3n\/Zona Roja. Oaxaca de Ju\u00e1rez, Oax., a 14 de septiembre de 2023.- Tras la denuncia&hellip;<\/p>\n","protected":false},"author":2,"featured_media":59859,"comment_status":"closed","ping_status":"open","sticky":false,"template":"","format":"standard","meta":{"_lmt_disableupdate":"","_lmt_disable":"","_jetpack_memberships_contains_paid_content":false,"footnotes":""},"categories":[109,46],"tags":[558],"class_list":["post-59858","post","type-post","status-publish","format-standard","has-post-thumbnail","hentry","category-minuto-a-minuto","category-zona-blanca","tag-instituto-nacional-de-pueblos-indigenas"],"jetpack_featured_media_url":"https:\/\/zonaroja.com.mx\/wp-content\/uploads\/2023\/09\/Instituto-Nacional-de-Pueblos-Indigenas.jpeg","jetpack_sharing_enabled":true,"_links":{"self":[{"href":"https:\/\/zonaroja.com.mx\/index.php?rest_route=\/wp\/v2\/posts\/59858","targetHints":{"allow":["GET"]}}],"collection":[{"href":"https:\/\/zonaroja.com.mx\/index.php?rest_route=\/wp\/v2\/posts"}],"about":[{"href":"https:\/\/zonaroja.com.mx\/index.php?rest_route=\/wp\/v2\/types\/post"}],"author":[{"embeddable":true,"href":"https:\/\/zonaroja.com.mx\/index.php?rest_route=\/wp\/v2\/users\/2"}],"replies":[{"embeddable":true,"href":"https:\/\/zonaroja.com.mx\/index.php?rest_route=%2Fwp%2Fv2%2Fcomments&post=59858"}],"version-history":[{"count":1,"href":"https:\/\/zonaroja.com.mx\/index.php?rest_route=\/wp\/v2\/posts\/59858\/revisions"}],"predecessor-version":[{"id":59860,"href":"https:\/\/zonaroja.com.mx\/index.php?rest_route=\/wp\/v2\/posts\/59858\/revisions\/59860"}],"wp:featuredmedia":[{"embeddable":true,"href":"https:\/\/zonaroja.com.mx\/index.php?rest_route=\/wp\/v2\/media\/59859"}],"wp:attachment":[{"href":"https:\/\/zonaroja.com.mx\/index.php?rest_route=%2Fwp%2Fv2%2Fmedia&parent=59858"}],"wp:term":[{"taxonomy":"category","embeddable":true,"href":"https:\/\/zonaroja.com.mx\/index.php?rest_route=%2Fwp%2Fv2%2Fcategories&post=59858"},{"taxonomy":"post_tag","embeddable":true,"href":"https:\/\/zonaroja.com.mx\/index.php?rest_route=%2Fwp%2Fv2%2Ftags&post=59858"}],"curies":[{"name":"wp","href":"https:\/\/api.w.org\/{rel}","templated":true}]}}