{"id":59861,"date":"2023-09-14T19:23:47","date_gmt":"2023-09-15T00:23:47","guid":{"rendered":"http:\/\/www.zonaroja.com.mx\/?p=59861"},"modified":"2023-09-14T19:23:51","modified_gmt":"2023-09-15T00:23:51","slug":"desborda-crisis-de-migrantes-en-la-capital-oaxaquena-ante-omisiones","status":"publish","type":"post","link":"https:\/\/zonaroja.com.mx\/?p=59861","title":{"rendered":"Desborda crisis de migrantes en la capital oaxaque\u00f1a, ante omisiones"},"content":{"rendered":"\n<p>Yuridiana Sosa\/Zona Roja.<\/p>\n\n\n\n<p>Oaxaca de Ju\u00e1rez, Oax., a 14 de septiembre de 2023.- Hartos de la indolencia del gobierno municipal de Oaxaca de Ju\u00e1rez para atender la crisis sobre la presencia de migrantes, vecinos de las colonias cercanas a la Central de Abasto de la capital activaron un bloqueo en esa zona para exigir inmediata soluci\u00f3n.<\/p>\n\n\n\n<p>Desde hace varios meses, los habitantes de las colonias Libertad y Centro han demandado la intervenci\u00f3n del presidente municipal, Francisco Mart\u00ednez Neri, pero conforme el tiempo transcurre el problema se complica.<\/p>\n\n\n\n<p>Los vecinos se\u00f1alaron que el tema de salubridad se descontrol\u00f3, lo que representa un riesgo para la salud de los habitantes y transe\u00fantes en la zona, mientras que tambi\u00e9n registran episodios de inseguridad.<\/p>\n\n\n\n<p>Pues los migrantes se quedan, a veces, por varios d\u00edas sobre el camell\u00f3n del Perif\u00e9rico y otros m\u00e1s sobre la parada instalada para el Citybus. Sobre esos sitios, y las calles aleda\u00f1as se han convertido en ba\u00f1os p\u00fablicos a cielo abierto, que ha generado un f\u00e9tido olor en el ambiente, as\u00ed como c\u00famulos de basura.<\/p>\n\n\n\n<p>Habitantes y comerciantes se encuentran cansados de tener que limpiar cada ma\u00f1ana las calles para tratar de eliminar el apeste y poder iniciar el d\u00eda.<\/p>\n\n\n\n<p>As\u00ed tambi\u00e9n se quejaron de que algunos migrantes fuman cerca de las casas mariguana y otros, han llegado a tratar de ser violentos con las mujeres.<\/p>\n\n\n\n<p>Ante este escenario, los afectados exigen al gobierno municipal y estatal que les ofrezcan un albergue para que puedan permanecer durante su paso por la ciudad, as\u00ed como que las empresas de autobuses que les ofrecen servicio realicen con mayor agilidad sus salidas.<\/p>\n\n\n\n<p>RESPUESTA<\/p>\n\n\n\n<p>Al lugar llegaron representantes del gobierno municipal, de la Secretar\u00eda de Gobierno del estado y Defensor\u00eda de los Derechos Humanos del Pueblo de Oaxaca.<\/p>\n\n\n\n<p>La autoridad municipal indic\u00f3 que la soluci\u00f3n del problema est\u00e1 en curso respecto a las taquillas de autobuses; sin embargo, no mencion\u00f3 sobre el tema de la presencia de los migrantes en las calles.<\/p>\n\n\n\n<p>Por su parte, los migrantes tambi\u00e9n se defendieron y apuntaron que su permanencia de m\u00e1s de un d\u00eda obedece a que las taquillas no respetan los horarios de salida.<\/p>\n\n\n\n<p>Algunos, incluso, han iniciado actividades como limpiaparabrisas en los cruceros de la zona de la Central de Abasto para recaudar ingresos.<\/p>\n\n\n\n<p>Los vecinos advirtieron que la protesta se intensificar\u00e1 si no reciben una soluci\u00f3n a sus exigencias.<\/p>\n\n\n\n<p>No obstante, despu\u00e9s de las 14:00 horas se desactiv\u00f3 la manifestaci\u00f3n y, por intervenci\u00f3n de la Defensor\u00eda de Derechos Humanos, un grupo de migrantes acept\u00f3 instalarse en un albergue de la iglesia Fel\u00edcitas y Perpetua, ubicad en Santa Luc\u00eda del Camino.<\/p>\n","protected":false},"excerpt":{"rendered":"<p>Yuridiana Sosa\/Zona Roja. Oaxaca de Ju\u00e1rez, Oax., a 14 de septiembre de 2023.- Hartos de&hellip;<\/p>\n","protected":false},"author":2,"featured_media":59862,"comment_status":"closed","ping_status":"open","sticky":false,"template":"","format":"standard","meta":{"_lmt_disableupdate":"","_lmt_disable":"","_jetpack_memberships_contains_paid_content":false,"footnotes":""},"categories":[109,47],"tags":[148],"class_list":["post-59861","post","type-post","status-publish","format-standard","has-post-thumbnail","hentry","category-minuto-a-minuto","category-zona-gris","tag-oaxaca-de-juarez"],"jetpack_featured_media_url":"https:\/\/zonaroja.com.mx\/wp-content\/uploads\/2023\/09\/Crisis-migrantes-ciudad-de-Oaxaca.jpg","jetpack_sharing_enabled":true,"_links":{"self":[{"href":"https:\/\/zonaroja.com.mx\/index.php?rest_route=\/wp\/v2\/posts\/59861","targetHints":{"allow":["GET"]}}],"collection":[{"href":"https:\/\/zonaroja.com.mx\/index.php?rest_route=\/wp\/v2\/posts"}],"about":[{"href":"https:\/\/zonaroja.com.mx\/index.php?rest_route=\/wp\/v2\/types\/post"}],"author":[{"embeddable":true,"href":"https:\/\/zonaroja.com.mx\/index.php?rest_route=\/wp\/v2\/users\/2"}],"replies":[{"embeddable":true,"href":"https:\/\/zonaroja.com.mx\/index.php?rest_route=%2Fwp%2Fv2%2Fcomments&post=59861"}],"version-history":[{"count":1,"href":"https:\/\/zonaroja.com.mx\/index.php?rest_route=\/wp\/v2\/posts\/59861\/revisions"}],"predecessor-version":[{"id":59863,"href":"https:\/\/zonaroja.com.mx\/index.php?rest_route=\/wp\/v2\/posts\/59861\/revisions\/59863"}],"wp:featuredmedia":[{"embeddable":true,"href":"https:\/\/zonaroja.com.mx\/index.php?rest_route=\/wp\/v2\/media\/59862"}],"wp:attachment":[{"href":"https:\/\/zonaroja.com.mx\/index.php?rest_route=%2Fwp%2Fv2%2Fmedia&parent=59861"}],"wp:term":[{"taxonomy":"category","embeddable":true,"href":"https:\/\/zonaroja.com.mx\/index.php?rest_route=%2Fwp%2Fv2%2Fcategories&post=59861"},{"taxonomy":"post_tag","embeddable":true,"href":"https:\/\/zonaroja.com.mx\/index.php?rest_route=%2Fwp%2Fv2%2Ftags&post=59861"}],"curies":[{"name":"wp","href":"https:\/\/api.w.org\/{rel}","templated":true}]}}