{"id":59866,"date":"2023-09-14T19:39:34","date_gmt":"2023-09-15T00:39:34","guid":{"rendered":"http:\/\/www.zonaroja.com.mx\/?p=59866"},"modified":"2023-09-14T19:39:37","modified_gmt":"2023-09-15T00:39:37","slug":"protestan-medicos-especialistas-ante-engano-del-imss-en-contrataciones-de-base","status":"publish","type":"post","link":"https:\/\/zonaroja.com.mx\/?p=59866","title":{"rendered":"Protestan m\u00e9dicos especialistas ante enga\u00f1o del IMSS en contrataciones de base"},"content":{"rendered":"\n<p>Yuridiana Sosa\/Zona Roja.<\/p>\n\n\n\n<p>Oaxaca de Ju\u00e1rez, Oax., a 14 de septiembre de 2023.- M\u00e9dicos especialistas que fueron reclutados por el programa OPD-IMSS Bienestar hace seis meses se manifestaron para exigir el cumplimiento de la oferta de bases en los municipios elegidos, as\u00ed como el inicio de sus trabajos.<\/p>\n\n\n\n<p>\u201cNos est\u00e1n regateando nuestras bases\u201d, \u201cOPD IMSS Bienestar nos asign\u00f3 bases\u201d, \u201c6 meses sin sueldo\u201d, \u201cM\u00e9dicos especialistas sin sueldos\u201d, fueron las denuncias por medios de cartulinas que exhibieron los m\u00e9dicos en el z\u00f3calo, frente a Palacio de Gobierno.<\/p>\n\n\n\n<p>El portavoz de los 24 afectados, Daniel Germ\u00e1n G\u00f3mez Villanueva, explic\u00f3 que fueron reclutados en la Ciudad de M\u00e9xico con la promesa por parte del IMSS de recibir bases laborales en Oaxaca, y a pesar que han cumplido con todos los requisitos, la instituci\u00f3n en Oaxaca no ha cumplido.<\/p>\n\n\n\n<p>Los m\u00e9dicos, dijo el especialista en Medicina Familiar, no han sido siquiera llamados a presentarse a laborar, lo que para muchos representa una complicaci\u00f3n econ\u00f3mica en permanecer en la capital en espera de que se cumpla el proceso.<\/p>\n\n\n\n<p>Mientras que a otros les tratan de cambiarle el lugar de su base porque supuestamente a donde eligieron est\u00e1 saturado. Como en su caso, que eligi\u00f3 Telixtahuaca, conurbado a la capital, lo quieren asignar a Pinotepa Nacional.<\/p>\n\n\n\n<p>Los afectados demandaron una mesa de di\u00e1logo con el gobernador de Oaxaca, Salom\u00f3n Jara Cruz, en quien conf\u00edan en que por su cercan\u00eda con el presidente Andr\u00e9s Manuel L\u00f3pez Obrador, podr\u00e1 ayudarlos para que se solucione su problema.<\/p>\n\n\n\n<p>En tanto, que, como parte de su lucha laboral, el especialista en Medicina Familiar instalar\u00e1 un consultorio improvisado en el z\u00f3calo para atender a la poblaci\u00f3n que as\u00ed lo requiera.<\/p>\n","protected":false},"excerpt":{"rendered":"<p>Yuridiana Sosa\/Zona Roja. Oaxaca de Ju\u00e1rez, Oax., a 14 de septiembre de 2023.- M\u00e9dicos especialistas&hellip;<\/p>\n","protected":false},"author":2,"featured_media":59867,"comment_status":"closed","ping_status":"open","sticky":false,"template":"","format":"standard","meta":{"_lmt_disableupdate":"","_lmt_disable":"","_jetpack_memberships_contains_paid_content":false,"footnotes":""},"categories":[109,47],"tags":[],"class_list":["post-59866","post","type-post","status-publish","format-standard","has-post-thumbnail","hentry","category-minuto-a-minuto","category-zona-gris"],"jetpack_featured_media_url":"https:\/\/zonaroja.com.mx\/wp-content\/uploads\/2023\/09\/Protesta-medicos-ciudad-de-Oaxaca.webp","jetpack_sharing_enabled":true,"_links":{"self":[{"href":"https:\/\/zonaroja.com.mx\/index.php?rest_route=\/wp\/v2\/posts\/59866","targetHints":{"allow":["GET"]}}],"collection":[{"href":"https:\/\/zonaroja.com.mx\/index.php?rest_route=\/wp\/v2\/posts"}],"about":[{"href":"https:\/\/zonaroja.com.mx\/index.php?rest_route=\/wp\/v2\/types\/post"}],"author":[{"embeddable":true,"href":"https:\/\/zonaroja.com.mx\/index.php?rest_route=\/wp\/v2\/users\/2"}],"replies":[{"embeddable":true,"href":"https:\/\/zonaroja.com.mx\/index.php?rest_route=%2Fwp%2Fv2%2Fcomments&post=59866"}],"version-history":[{"count":1,"href":"https:\/\/zonaroja.com.mx\/index.php?rest_route=\/wp\/v2\/posts\/59866\/revisions"}],"predecessor-version":[{"id":59868,"href":"https:\/\/zonaroja.com.mx\/index.php?rest_route=\/wp\/v2\/posts\/59866\/revisions\/59868"}],"wp:featuredmedia":[{"embeddable":true,"href":"https:\/\/zonaroja.com.mx\/index.php?rest_route=\/wp\/v2\/media\/59867"}],"wp:attachment":[{"href":"https:\/\/zonaroja.com.mx\/index.php?rest_route=%2Fwp%2Fv2%2Fmedia&parent=59866"}],"wp:term":[{"taxonomy":"category","embeddable":true,"href":"https:\/\/zonaroja.com.mx\/index.php?rest_route=%2Fwp%2Fv2%2Fcategories&post=59866"},{"taxonomy":"post_tag","embeddable":true,"href":"https:\/\/zonaroja.com.mx\/index.php?rest_route=%2Fwp%2Fv2%2Ftags&post=59866"}],"curies":[{"name":"wp","href":"https:\/\/api.w.org\/{rel}","templated":true}]}}