{"id":59869,"date":"2023-09-14T19:41:58","date_gmt":"2023-09-15T00:41:58","guid":{"rendered":"http:\/\/www.zonaroja.com.mx\/?p=59869"},"modified":"2023-09-14T19:42:01","modified_gmt":"2023-09-15T00:42:01","slug":"obrador-excluye-a-poderes-judicial-y-legislativo-de-festejos-patrios","status":"publish","type":"post","link":"https:\/\/zonaroja.com.mx\/?p=59869","title":{"rendered":"Obrador excluye a poderes Judicial\u00a0 y Legislativo de festejos patrios"},"content":{"rendered":"\n<p>Redacci\u00f3n\/Zona Roja Cdmx.<\/p>\n\n\n\n<p>Ciudad de M\u00e9xico, a 14 de septiembre de 2023.- El presidente Andr\u00e9s Manuel L\u00f3pez Obrador excluy\u00f3 a los poderes Legislativo y Judicial de las conmemoraciones por las efem\u00e9rides de septiembre, pues, al menos, con el segundo, resalt\u00f3, es notorio que no existe buena relaci\u00f3n.<\/p>\n\n\n\n<p>Ayer, el Ejecutivo federal encabez\u00f3 la 176\u00aa conmemoraci\u00f3n de la gesta heroica de los Ni\u00f1os H\u00e9roes, en el Altar de la Patria del Bosque de Chapultepec.<\/p>\n\n\n\n<p>El mandatario lleg\u00f3 al acto acompa\u00f1ado de su esposa, Beatriz Guti\u00e9rrez M\u00fcller, as\u00ed como Luisa Alcalde, Rosa Icela Rodr\u00edguez, Luis Cresencio Sandoval y Rafael Ojeda Dur\u00e1n, secretarios de Gobernaci\u00f3n, Seguridad, Defensa y Marina.<\/p>\n\n\n\n<p>En el pres\u00eddium tambi\u00e9n estuvieron miembros del gabinete; sin embargo, ni siquiera se contemplaron lugares, por primera ocasi\u00f3n en su sexenio, para los presidentes del Congreso de la Uni\u00f3n ni de la Corte.<\/p>\n\n\n\n<p>Todav\u00eda en 2022, el mandatario convoc\u00f3 a Alejandro Armenta, presidente de la Mesa Directiva del Senado, as\u00ed como a Santiago Creel, presidente de la C\u00e1mara de Diputados, y a Arturo Zald\u00edvar, a\u00fan ministro presidente de la Corte.<\/p>\n\n\n\n<p>Sin embargo, Creel Miranda, aunque realiz\u00f3 la caminata junto con el mandatario desde la Puerta de Los Leones, casi al llegar al Altar de la Patria, personal militar lo quit\u00f3 de la l\u00ednea de funcionarios para llevarlo por otro lado hacia su lugar.<\/p>\n\n\n\n<p>En la Marcha de la Lealtad de este a\u00f1o, otro acto c\u00edvico que encabez\u00f3 el Ejecutivo, s\u00ed se cont\u00f3 con la presencia de Creel Miranda, as\u00ed como Norma Pi\u00f1a, actual titular de la Corte, aunque no pasaron m\u00e1s all\u00e1 del saludo con el Presidente.<\/p>\n\n\n\n<p>En el sexenio de Enrique Pe\u00f1a Nieto, en todas las conmemoraciones de esta efem\u00e9ride, estuvieron presentes los representantes de ambos poderes, ya fueran los presidentes, ministros o representaciones.<\/p>\n\n\n\n<p>De igual forma ocurri\u00f3 en el sexenio de Felipe Calder\u00f3n.<\/p>\n\n\n\n<p>De acuerdo con el doctor Juan Ortiz Escamilla, historiador de la Universidad Veracruzana, el que el Presidente no haya invitado a los representantes del Poder Judicial es in\u00e9dito en las \u00faltimas d\u00e9cadas. En el siglo 19 s\u00ed hubo este tipo de desencuentros por el conflicto entre grupos pol\u00edticos. Pero, para la \u00e9poca moderna, \u201ces algo sin precedentes\u201d.<\/p>\n\n\n\n<p>Previamente, en su conferencia matutina, L\u00f3pez Obrador advirti\u00f3 que los integrantes de los poderes Judicial y Legislativo no ser\u00edan convocados al Grito de Independencia.<\/p>\n\n\n\n<p>\u201cNo, nada m\u00e1s es una representaci\u00f3n del gobierno, del Ejecutivo, muy limitada y austera, nada de la parafernalia de antes\u201d, dijo cuando se le cuestion\u00f3 por ambos poderes.<\/p>\n\n\n\n<p>Se le resalt\u00f3 que en ediciones pasadas s\u00ed los ha convocado, y su respuesta se dirigi\u00f3 de forma particular al Poder Judicial.<\/p>\n\n\n\n<p>\u201cPero es que ya han cambiado las cosas. No tenemos buenas relaciones con el Poder Judicial, porque se han dedicado a actuar en contra de la transformaci\u00f3n\u201d, sostuvo.<\/p>\n\n\n\n<p>\u201cNosotros consideramos, aunque se opine distinto, que est\u00e1n en contra del pueblo y que son representantes de la oligarqu\u00eda, de la minor\u00eda corrupta, rapaz; son como representantes de la delincuencia de cuello blanco y en algunos casos tambi\u00e9n de la otra delincuencia; no todos, pero s\u00ed predominan\u201d, dijo.<\/p>\n\n\n\n<p>(Informaci\u00f3n de \u00abEl Financiero\u201d)<\/p>\n","protected":false},"excerpt":{"rendered":"<p>Redacci\u00f3n\/Zona Roja Cdmx. Ciudad de M\u00e9xico, a 14 de septiembre de 2023.- El presidente Andr\u00e9s&hellip;<\/p>\n","protected":false},"author":2,"featured_media":59870,"comment_status":"closed","ping_status":"open","sticky":false,"template":"","format":"standard","meta":{"_lmt_disableupdate":"","_lmt_disable":"","_jetpack_memberships_contains_paid_content":false,"footnotes":""},"categories":[109,47],"tags":[143],"class_list":["post-59869","post","type-post","status-publish","format-standard","has-post-thumbnail","hentry","category-minuto-a-minuto","category-zona-gris","tag-andres-manuel-lopez-obrador"],"jetpack_featured_media_url":"https:\/\/zonaroja.com.mx\/wp-content\/uploads\/2023\/09\/Lopez-Obrador.jpg","jetpack_sharing_enabled":true,"_links":{"self":[{"href":"https:\/\/zonaroja.com.mx\/index.php?rest_route=\/wp\/v2\/posts\/59869","targetHints":{"allow":["GET"]}}],"collection":[{"href":"https:\/\/zonaroja.com.mx\/index.php?rest_route=\/wp\/v2\/posts"}],"about":[{"href":"https:\/\/zonaroja.com.mx\/index.php?rest_route=\/wp\/v2\/types\/post"}],"author":[{"embeddable":true,"href":"https:\/\/zonaroja.com.mx\/index.php?rest_route=\/wp\/v2\/users\/2"}],"replies":[{"embeddable":true,"href":"https:\/\/zonaroja.com.mx\/index.php?rest_route=%2Fwp%2Fv2%2Fcomments&post=59869"}],"version-history":[{"count":1,"href":"https:\/\/zonaroja.com.mx\/index.php?rest_route=\/wp\/v2\/posts\/59869\/revisions"}],"predecessor-version":[{"id":59871,"href":"https:\/\/zonaroja.com.mx\/index.php?rest_route=\/wp\/v2\/posts\/59869\/revisions\/59871"}],"wp:featuredmedia":[{"embeddable":true,"href":"https:\/\/zonaroja.com.mx\/index.php?rest_route=\/wp\/v2\/media\/59870"}],"wp:attachment":[{"href":"https:\/\/zonaroja.com.mx\/index.php?rest_route=%2Fwp%2Fv2%2Fmedia&parent=59869"}],"wp:term":[{"taxonomy":"category","embeddable":true,"href":"https:\/\/zonaroja.com.mx\/index.php?rest_route=%2Fwp%2Fv2%2Fcategories&post=59869"},{"taxonomy":"post_tag","embeddable":true,"href":"https:\/\/zonaroja.com.mx\/index.php?rest_route=%2Fwp%2Fv2%2Ftags&post=59869"}],"curies":[{"name":"wp","href":"https:\/\/api.w.org\/{rel}","templated":true}]}}