{"id":59872,"date":"2023-09-14T22:55:31","date_gmt":"2023-09-15T03:55:31","guid":{"rendered":"http:\/\/www.zonaroja.com.mx\/?p=59872"},"modified":"2023-09-14T22:55:33","modified_gmt":"2023-09-15T03:55:33","slug":"hay-nueva-ley-organica-del-tribunal-de-justicia-administrativa-y-combate-a-la-corrupcion","status":"publish","type":"post","link":"https:\/\/zonaroja.com.mx\/?p=59872","title":{"rendered":"Hay nueva Ley Org\u00e1nica del Tribunal de Justicia Administrativa y Combate a la Corrupci\u00f3n"},"content":{"rendered":"\n<p>Redacci\u00f3n\/Zona Roja.<\/p>\n\n\n\n<p>Oaxaca de Ju\u00e1rez, Oax. 14 de septiembre de 2023.- En seguimiento al proceso legislativo que permiti\u00f3 la creaci\u00f3n del Tribunal de Justicia Administrativa, y el Combate a la Corrupci\u00f3n del Estado de Oaxaca, el Congreso local cre\u00f3 la ley org\u00e1nica que regir\u00e1 a la m\u00e1xima autoridad jurisdiccional en la entidad en materia administrativa.<\/p>\n\n\n\n<p>En sesi\u00f3n extraordinaria de este 13 de septiembre, el pleno de la 65 Legislatura local aprob\u00f3 el dictamen con proyecto de decreto, mediante el cual se expide la Ley Org\u00e1nica del Tribunal de Justicia Administrativa y Combate a la Corrupci\u00f3n del Estado de Oaxaca.<\/p>\n\n\n\n<p>Al respecto, Luis Alfonso Silva Romo, presidente de la Junta de Coordinaci\u00f3n Pol\u00edtica (Jucopo), explic\u00f3 que esta ley permitir\u00e1 que el mencionado tribunal cumpla completamente la funci\u00f3n para la cual fue creado el 22 de julio del presente a\u00f1o, ya que su labor es ser un \u00f3rgano que resuelva controversias sociales, sancione responsabilidades de servidores p\u00fablicos y tenga acciones concretas en el combate a la corrupci\u00f3n.&nbsp;<\/p>\n\n\n\n<p>Este marco jur\u00eddico contiene 94 art\u00edculos en los cuales se establecen la organizaci\u00f3n, administraci\u00f3n, vigilancia y disciplina del tribunal; cuenta con nueve t\u00edtulos que regulan la estructura, el funcionamiento del pleno, la forma de realizaci\u00f3n de las sesiones, las facultades de la presidencia, la organizaci\u00f3n de las salas, la forma de votaci\u00f3n, la jurisprudencia, coordinaci\u00f3n de asistencia, \u00f3rgano interno de control, la carrera jurisdiccional, las obligaciones de los servidores p\u00fablicos, correcciones disciplinarias y licencias.&nbsp;<\/p>\n\n\n\n<p>Todo ello para que el pueblo de Oaxaca cuente con un tribunal, con una organizaci\u00f3n \u00f3ptima al interior, \u201ca fin de que puedan acceder a sus servicios y tr\u00e1mites de forma adecuada, que su funcionamiento traiga consigo el bienestar de la sociedad y a trav\u00e9s de su jurisdicci\u00f3n garantice el acceso a la justicia de las y los ciudadanos\u201d, para el cual fue aprobado .&nbsp;<\/p>\n\n\n\n<p>Por lo anterior, qued\u00f3 sin vigor la Ley Org\u00e1nica del Tribunal de Justicia Administrativa del Estado de Oaxaca, expedida en el decreto 805, aprobado por la 64 Legislatura local.<\/p>\n","protected":false},"excerpt":{"rendered":"<p>Redacci\u00f3n\/Zona Roja. Oaxaca de Ju\u00e1rez, Oax. 14 de septiembre de 2023.- En seguimiento al proceso&hellip;<\/p>\n","protected":false},"author":2,"featured_media":49300,"comment_status":"closed","ping_status":"open","sticky":false,"template":"","format":"standard","meta":{"_lmt_disableupdate":"","_lmt_disable":"","_jetpack_memberships_contains_paid_content":false,"footnotes":""},"categories":[109,46],"tags":[2743],"class_list":["post-59872","post","type-post","status-publish","format-standard","has-post-thumbnail","hentry","category-minuto-a-minuto","category-zona-blanca","tag-65-legislatura-del-estado-de-oaxaca"],"jetpack_featured_media_url":"https:\/\/zonaroja.com.mx\/wp-content\/uploads\/2022\/12\/Sesion-Congreso-Oaxaca.jpeg","jetpack_sharing_enabled":true,"_links":{"self":[{"href":"https:\/\/zonaroja.com.mx\/index.php?rest_route=\/wp\/v2\/posts\/59872","targetHints":{"allow":["GET"]}}],"collection":[{"href":"https:\/\/zonaroja.com.mx\/index.php?rest_route=\/wp\/v2\/posts"}],"about":[{"href":"https:\/\/zonaroja.com.mx\/index.php?rest_route=\/wp\/v2\/types\/post"}],"author":[{"embeddable":true,"href":"https:\/\/zonaroja.com.mx\/index.php?rest_route=\/wp\/v2\/users\/2"}],"replies":[{"embeddable":true,"href":"https:\/\/zonaroja.com.mx\/index.php?rest_route=%2Fwp%2Fv2%2Fcomments&post=59872"}],"version-history":[{"count":1,"href":"https:\/\/zonaroja.com.mx\/index.php?rest_route=\/wp\/v2\/posts\/59872\/revisions"}],"predecessor-version":[{"id":59873,"href":"https:\/\/zonaroja.com.mx\/index.php?rest_route=\/wp\/v2\/posts\/59872\/revisions\/59873"}],"wp:featuredmedia":[{"embeddable":true,"href":"https:\/\/zonaroja.com.mx\/index.php?rest_route=\/wp\/v2\/media\/49300"}],"wp:attachment":[{"href":"https:\/\/zonaroja.com.mx\/index.php?rest_route=%2Fwp%2Fv2%2Fmedia&parent=59872"}],"wp:term":[{"taxonomy":"category","embeddable":true,"href":"https:\/\/zonaroja.com.mx\/index.php?rest_route=%2Fwp%2Fv2%2Fcategories&post=59872"},{"taxonomy":"post_tag","embeddable":true,"href":"https:\/\/zonaroja.com.mx\/index.php?rest_route=%2Fwp%2Fv2%2Ftags&post=59872"}],"curies":[{"name":"wp","href":"https:\/\/api.w.org\/{rel}","templated":true}]}}