{"id":59877,"date":"2023-09-14T23:07:50","date_gmt":"2023-09-15T04:07:50","guid":{"rendered":"http:\/\/www.zonaroja.com.mx\/?p=59877"},"modified":"2023-09-14T23:07:52","modified_gmt":"2023-09-15T04:07:52","slug":"asesinan-a-dos-individuos-en-la-region-costa-de-oaxaca","status":"publish","type":"post","link":"https:\/\/zonaroja.com.mx\/?p=59877","title":{"rendered":"Asesinan a dos individuos en la regi\u00f3n Costa de Oaxaca"},"content":{"rendered":"\n<p>Redacci\u00f3n\/Zona Roja.<\/p>\n\n\n\n<p>Oaxaca de Ju\u00e1rez, Oax., a 14 de septiembre de 2023.- Los cuerpos de dos personas, maniatados, con heridas de bala y huellas de tortura, fueron hallados la ma\u00f1ana de hoy en Santa Mar\u00eda Tonameca, municipio de la regi\u00f3n Costa de Oaxaca.<\/p>\n\n\n\n<p>Fue a un costado de un camino de terracer\u00eda de la localidad Playa Blanca donde se hallaron los cad\u00e1veres, de personas del sexo masculino, por lo cual los vecinos de la zona dieron aviso a las autoridades.<\/p>\n\n\n\n<p>Personal policiaco y de la Agencia Estatal de Investigaciones arrib\u00f3 al sitio para recabar los primeros indicios.<\/p>\n\n\n\n<p>Hasta el momento las v\u00edctimas a\u00fan no han sido identificadas y la Vicefiscal\u00eda Regional del Istmo inici\u00f3 con las indagatorias respectivas del caso.<\/p>\n","protected":false},"excerpt":{"rendered":"<p>Redacci\u00f3n\/Zona Roja. Oaxaca de Ju\u00e1rez, Oax., a 14 de septiembre de 2023.- Los cuerpos de&hellip;<\/p>\n","protected":false},"author":2,"featured_media":50335,"comment_status":"closed","ping_status":"open","sticky":false,"template":"","format":"standard","meta":{"_lmt_disableupdate":"","_lmt_disable":"","_jetpack_memberships_contains_paid_content":false,"footnotes":""},"categories":[109,51],"tags":[645],"class_list":["post-59877","post","type-post","status-publish","format-standard","has-post-thumbnail","hentry","category-minuto-a-minuto","category-zona-roja","tag-santa-maria-tonameca"],"jetpack_featured_media_url":"https:\/\/zonaroja.com.mx\/wp-content\/uploads\/2023\/01\/Balazos-violencia-casquillos-escena.jpeg","jetpack_sharing_enabled":true,"_links":{"self":[{"href":"https:\/\/zonaroja.com.mx\/index.php?rest_route=\/wp\/v2\/posts\/59877","targetHints":{"allow":["GET"]}}],"collection":[{"href":"https:\/\/zonaroja.com.mx\/index.php?rest_route=\/wp\/v2\/posts"}],"about":[{"href":"https:\/\/zonaroja.com.mx\/index.php?rest_route=\/wp\/v2\/types\/post"}],"author":[{"embeddable":true,"href":"https:\/\/zonaroja.com.mx\/index.php?rest_route=\/wp\/v2\/users\/2"}],"replies":[{"embeddable":true,"href":"https:\/\/zonaroja.com.mx\/index.php?rest_route=%2Fwp%2Fv2%2Fcomments&post=59877"}],"version-history":[{"count":1,"href":"https:\/\/zonaroja.com.mx\/index.php?rest_route=\/wp\/v2\/posts\/59877\/revisions"}],"predecessor-version":[{"id":59878,"href":"https:\/\/zonaroja.com.mx\/index.php?rest_route=\/wp\/v2\/posts\/59877\/revisions\/59878"}],"wp:featuredmedia":[{"embeddable":true,"href":"https:\/\/zonaroja.com.mx\/index.php?rest_route=\/wp\/v2\/media\/50335"}],"wp:attachment":[{"href":"https:\/\/zonaroja.com.mx\/index.php?rest_route=%2Fwp%2Fv2%2Fmedia&parent=59877"}],"wp:term":[{"taxonomy":"category","embeddable":true,"href":"https:\/\/zonaroja.com.mx\/index.php?rest_route=%2Fwp%2Fv2%2Fcategories&post=59877"},{"taxonomy":"post_tag","embeddable":true,"href":"https:\/\/zonaroja.com.mx\/index.php?rest_route=%2Fwp%2Fv2%2Ftags&post=59877"}],"curies":[{"name":"wp","href":"https:\/\/api.w.org\/{rel}","templated":true}]}}