{"id":59879,"date":"2023-09-15T07:53:57","date_gmt":"2023-09-15T12:53:57","guid":{"rendered":"http:\/\/www.zonaroja.com.mx\/?p=59879"},"modified":"2023-09-15T07:54:02","modified_gmt":"2023-09-15T12:54:02","slug":"detiene-fiscalia-a-presunto-feminicida-en-mixtepec-oaxaca","status":"publish","type":"post","link":"https:\/\/zonaroja.com.mx\/?p=59879","title":{"rendered":"Detiene Fiscal\u00eda a presunto feminicida en Mixtepec, Oaxaca"},"content":{"rendered":"\n<p>Redacci\u00f3n\/Zona Roja.&nbsp;<\/p>\n\n\n\n<p>Oaxaca de Ju\u00e1rez, Oax., a 15 de septiembre de 2023.- La actuaci\u00f3n inmediata derivada de las investigaciones puntuales, permitieron que la Fiscal\u00eda General del Estado de Oaxaca (FGEO), a trav\u00e9s de la Agencia Estatal de Investigaciones (AEI), ejecutara una orden de aprehensi\u00f3n en contra de P.E.C.V. por el delito de homicidio calificado cometido contra una mujer.<\/p>\n\n\n\n<p>De acuerdo con la causa penal, los hechos ocurrieron el 12 de septiembre del a\u00f1o en curso, cuando la v\u00edctima identificada como R. R. F. se encontraba en el patio de su vivienda ubicada en la poblaci\u00f3n de Macahuite Blanco, perteneciente a San Pedro Mixtepec.<\/p>\n\n\n\n<p>Hasta ah\u00ed, lleg\u00f3 el imputado P.E.C.V. y la agredi\u00f3 con arma de fuego, por lo que, tras iniciar las investigaciones bajo el Protocolo de Investigaci\u00f3n Ministerial, Policial y Pericial del Delito de Feminicidio, la Vicefiscal\u00eda Regional de la Costa, obtuvo elementos suficientes que permitieron que el Juez concediera la orden de aprehensi\u00f3n.<\/p>\n\n\n\n<p>Ante ello, este d\u00eda se ejecut\u00f3 el mandato judicial, por lo que el imputado ser\u00e1 presentado ante el juez en las pr\u00f3ximas horas para determinar su situaci\u00f3n jur\u00eddica.<\/p>\n\n\n\n<p>Las acciones asertivas de la Fiscal\u00eda de Oaxaca son factor primordial para entregar resultados concretos y tangibles en torno a la resoluci\u00f3n de casos de alto impacto.<\/p>\n","protected":false},"excerpt":{"rendered":"<p>Redacci\u00f3n\/Zona Roja.&nbsp; Oaxaca de Ju\u00e1rez, Oax., a 15 de septiembre de 2023.- La actuaci\u00f3n inmediata&hellip;<\/p>\n","protected":false},"author":2,"featured_media":52618,"comment_status":"closed","ping_status":"open","sticky":false,"template":"","format":"standard","meta":{"_lmt_disableupdate":"","_lmt_disable":"","_jetpack_memberships_contains_paid_content":false,"footnotes":""},"categories":[109,46],"tags":[494],"class_list":["post-59879","post","type-post","status-publish","format-standard","has-post-thumbnail","hentry","category-minuto-a-minuto","category-zona-blanca","tag-fiscalia-general-del-estado-de-oaxaca"],"jetpack_featured_media_url":"https:\/\/zonaroja.com.mx\/wp-content\/uploads\/2023\/03\/Detenido-esposado-aprehension.webp","jetpack_sharing_enabled":true,"_links":{"self":[{"href":"https:\/\/zonaroja.com.mx\/index.php?rest_route=\/wp\/v2\/posts\/59879","targetHints":{"allow":["GET"]}}],"collection":[{"href":"https:\/\/zonaroja.com.mx\/index.php?rest_route=\/wp\/v2\/posts"}],"about":[{"href":"https:\/\/zonaroja.com.mx\/index.php?rest_route=\/wp\/v2\/types\/post"}],"author":[{"embeddable":true,"href":"https:\/\/zonaroja.com.mx\/index.php?rest_route=\/wp\/v2\/users\/2"}],"replies":[{"embeddable":true,"href":"https:\/\/zonaroja.com.mx\/index.php?rest_route=%2Fwp%2Fv2%2Fcomments&post=59879"}],"version-history":[{"count":1,"href":"https:\/\/zonaroja.com.mx\/index.php?rest_route=\/wp\/v2\/posts\/59879\/revisions"}],"predecessor-version":[{"id":59880,"href":"https:\/\/zonaroja.com.mx\/index.php?rest_route=\/wp\/v2\/posts\/59879\/revisions\/59880"}],"wp:featuredmedia":[{"embeddable":true,"href":"https:\/\/zonaroja.com.mx\/index.php?rest_route=\/wp\/v2\/media\/52618"}],"wp:attachment":[{"href":"https:\/\/zonaroja.com.mx\/index.php?rest_route=%2Fwp%2Fv2%2Fmedia&parent=59879"}],"wp:term":[{"taxonomy":"category","embeddable":true,"href":"https:\/\/zonaroja.com.mx\/index.php?rest_route=%2Fwp%2Fv2%2Fcategories&post=59879"},{"taxonomy":"post_tag","embeddable":true,"href":"https:\/\/zonaroja.com.mx\/index.php?rest_route=%2Fwp%2Fv2%2Ftags&post=59879"}],"curies":[{"name":"wp","href":"https:\/\/api.w.org\/{rel}","templated":true}]}}