{"id":59881,"date":"2023-09-15T08:09:00","date_gmt":"2023-09-15T13:09:00","guid":{"rendered":"http:\/\/www.zonaroja.com.mx\/?p=59881"},"modified":"2023-09-15T08:09:03","modified_gmt":"2023-09-15T13:09:03","slug":"alejandro-carrasco-sampedro-presidente-del-ieepco-por-un-mes","status":"publish","type":"post","link":"https:\/\/zonaroja.com.mx\/?p=59881","title":{"rendered":"Alejandro Carrasco Sampedro, presidente del IEEPCO por un mes"},"content":{"rendered":"\n<p>Redacci\u00f3n\/Zona Roja.<\/p>\n\n\n\n<p>Oaxaca de Ju\u00e1rez, Oax., a 15 de septiembre de 2023.- Tras la suspensi\u00f3n provisional por un mes de Elizabeth S\u00e1nchez Gonz\u00e1lez, en sesi\u00f3n extraordinaria urgente, el Consejo General del Instituto Estatal Electoral y de Participaci\u00f3n Ciudadana de Oaxaca (IEEPCO) design\u00f3 a Alejandro Carrasco Sampedro como presidente por un mes.<\/p>\n\n\n\n<p>La sesi\u00f3n inici\u00f3 aproximadamente a las 23:00 horas de ayer y concluy\u00f3 en los primeros minutos de este viernes, en que por unanimidad de los seis consejeros, se design\u00f3 a Sampedro, ligado con el grupo de priistas que encabez\u00f3 Gustavo Meixueiro.<\/p>\n\n\n\n<p>La sustituci\u00f3n provisional ocurri\u00f3 tras la determinaci\u00f3n del Instituto Nacional Electoral (INE), basado en un dictamen de la Contralor\u00eda interna, que determin\u00f3 el cese provisional de S\u00e1nchez Gonz\u00e1lez, por un presunto desv\u00edo de recursos por m\u00e1s de 19 millones de pesos.<\/p>\n\n\n\n<p>\u201cPor unanimidad, las consejeras y consejeros electorales, nombraron al Consejero Electoral, Alejandro Carrasco Sampedro, quien asumir\u00e1 ese cargo a partir del 14 de septiembre, hasta el 14 de octubre de 2023.&nbsp;<\/p>\n\n\n\n<p>\u201cEsta determinaci\u00f3n permite dar cauce a las actividades propias de la etapa de preparaci\u00f3n del Proceso Electoral Ordinario 2023-2024, en tanto se solventa el procedimiento que realiza la Contralor\u00eda Interna del IEEPCO iniciado en los d\u00edas anteriores.&nbsp;<\/p>\n\n\n\n<p>\u201cEl IEEPCO se encuentra listo para garantizar a la ciudadan\u00eda oaxaque\u00f1a el ejercicio de su voto libre, secreto y directo para renovar el Congreso local y las Concejal\u00edas de los 153 ayuntamientos que se rigen por el sistema de partidos pol\u00edticos\u201d, inform\u00f3 el organismo a trav\u00e9s de un comunicado de prensa.<\/p>\n","protected":false},"excerpt":{"rendered":"<p>Redacci\u00f3n\/Zona Roja. Oaxaca de Ju\u00e1rez, Oax., a 15 de septiembre de 2023.- Tras la suspensi\u00f3n&hellip;<\/p>\n","protected":false},"author":2,"featured_media":59882,"comment_status":"closed","ping_status":"open","sticky":false,"template":"","format":"standard","meta":{"_lmt_disableupdate":"","_lmt_disable":"","_jetpack_memberships_contains_paid_content":false,"footnotes":""},"categories":[109,46],"tags":[2932],"class_list":["post-59881","post","type-post","status-publish","format-standard","has-post-thumbnail","hentry","category-minuto-a-minuto","category-zona-blanca","tag-instituto-estatal-electoral-y-de-participacion-ciudadana-de-oaxaca-ieepco"],"jetpack_featured_media_url":"https:\/\/zonaroja.com.mx\/wp-content\/uploads\/2023\/09\/Alejando-Carrasco-protesta-IEEPCO.jpeg","jetpack_sharing_enabled":true,"_links":{"self":[{"href":"https:\/\/zonaroja.com.mx\/index.php?rest_route=\/wp\/v2\/posts\/59881","targetHints":{"allow":["GET"]}}],"collection":[{"href":"https:\/\/zonaroja.com.mx\/index.php?rest_route=\/wp\/v2\/posts"}],"about":[{"href":"https:\/\/zonaroja.com.mx\/index.php?rest_route=\/wp\/v2\/types\/post"}],"author":[{"embeddable":true,"href":"https:\/\/zonaroja.com.mx\/index.php?rest_route=\/wp\/v2\/users\/2"}],"replies":[{"embeddable":true,"href":"https:\/\/zonaroja.com.mx\/index.php?rest_route=%2Fwp%2Fv2%2Fcomments&post=59881"}],"version-history":[{"count":1,"href":"https:\/\/zonaroja.com.mx\/index.php?rest_route=\/wp\/v2\/posts\/59881\/revisions"}],"predecessor-version":[{"id":59883,"href":"https:\/\/zonaroja.com.mx\/index.php?rest_route=\/wp\/v2\/posts\/59881\/revisions\/59883"}],"wp:featuredmedia":[{"embeddable":true,"href":"https:\/\/zonaroja.com.mx\/index.php?rest_route=\/wp\/v2\/media\/59882"}],"wp:attachment":[{"href":"https:\/\/zonaroja.com.mx\/index.php?rest_route=%2Fwp%2Fv2%2Fmedia&parent=59881"}],"wp:term":[{"taxonomy":"category","embeddable":true,"href":"https:\/\/zonaroja.com.mx\/index.php?rest_route=%2Fwp%2Fv2%2Fcategories&post=59881"},{"taxonomy":"post_tag","embeddable":true,"href":"https:\/\/zonaroja.com.mx\/index.php?rest_route=%2Fwp%2Fv2%2Ftags&post=59881"}],"curies":[{"name":"wp","href":"https:\/\/api.w.org\/{rel}","templated":true}]}}