{"id":59884,"date":"2023-09-15T14:30:00","date_gmt":"2023-09-15T19:30:00","guid":{"rendered":"http:\/\/www.zonaroja.com.mx\/?p=59884"},"modified":"2023-09-15T08:14:54","modified_gmt":"2023-09-15T13:14:54","slug":"acuerdan-colaboracion-la-fiscalia-de-oaxaca-y-la-urse","status":"publish","type":"post","link":"https:\/\/zonaroja.com.mx\/?p=59884","title":{"rendered":"Acuerdan colaboraci\u00f3n la Fiscal\u00eda de Oaxaca y la Urse"},"content":{"rendered":"\n<p>Redacci\u00f3n\/Zona Roja.&nbsp;<\/p>\n\n\n\n<p>Oaxaca de Ju\u00e1rez, Oax., a 15 de septiembre de 2023.- Al firmar un convenio de colaboraci\u00f3n con la Universidad Regional del Sureste (Urse), el Fiscal General de Oaxaca, Bernardo Rodr\u00edguez Alamilla afirm\u00f3 que el trabajo conjunto entre la academia y la instituci\u00f3n, permite compartir conocimientos y t\u00e9cnicas que coadyuvan al mejoramiento de los procesos de procuraci\u00f3n de justicia.<\/p>\n\n\n\n<p>Acompa\u00f1ado por el rector de la Universidad Regional del Sureste, Miguel \u00c1ngel Hern\u00e1ndez Mendoza, la directora general de Asuntos Estudiantiles de la misma universidad, Claudia Patricia Reyes S\u00e1nchez y el director del Instituto de Servicios Periciales, Jorge G\u00f3mez Guerrero; el Fiscal General resalt\u00f3 que la actual administraci\u00f3n busca mantener una cercan\u00eda continua con la ciudadan\u00eda, por medio de este tipo de convenios.<\/p>\n\n\n\n<p>A\u00f1adi\u00f3 que establecer colaboraciones estrat\u00e9gicas entre la Fiscal\u00eda General del Estado de Oaxaca especialmente con universidades, permite ampliar los alcances del organismo procurador de justicia, lo que redundar\u00e1 sin duda en brindar una mejor atenci\u00f3n y procuraci\u00f3n de justicia.<\/p>\n\n\n\n<p>Por su parte, el rector de la Universidad Regional del Sureste Miguel \u00c1ngel Hern\u00e1ndez Mendoza dijo que este convenio beneficia ampliamente a la comunidad universitaria, adem\u00e1s de que reconoci\u00f3 la apertura por parte del Fiscal para establecer acuerdos.<\/p>\n\n\n\n<p>La Fiscal\u00eda General del Estado realiza este tipo de convenios con el objetivo de fortalecer los procesos de procuraci\u00f3n de justicia, as\u00ed como parte de la estrategia de la reingenier\u00eda institucional que busca mejorar los procesos de atenci\u00f3n y brindar resultados eficaces a la ciudadan\u00eda.<\/p>\n","protected":false},"excerpt":{"rendered":"<p>Redacci\u00f3n\/Zona Roja.&nbsp; Oaxaca de Ju\u00e1rez, Oax., a 15 de septiembre de 2023.- Al firmar un&hellip;<\/p>\n","protected":false},"author":2,"featured_media":59885,"comment_status":"closed","ping_status":"open","sticky":false,"template":"","format":"standard","meta":{"_lmt_disableupdate":"","_lmt_disable":"","_jetpack_memberships_contains_paid_content":false,"footnotes":""},"categories":[109,46],"tags":[494],"class_list":["post-59884","post","type-post","status-publish","format-standard","has-post-thumbnail","hentry","category-minuto-a-minuto","category-zona-blanca","tag-fiscalia-general-del-estado-de-oaxaca"],"jetpack_featured_media_url":"https:\/\/zonaroja.com.mx\/wp-content\/uploads\/2023\/09\/BOLETIN-377-Firman-convenio-de-colaboracion-Fiscalia-de-Oaxaca-y-Universidad-Regional-del-Sureste-2.jpeg","jetpack_sharing_enabled":true,"_links":{"self":[{"href":"https:\/\/zonaroja.com.mx\/index.php?rest_route=\/wp\/v2\/posts\/59884","targetHints":{"allow":["GET"]}}],"collection":[{"href":"https:\/\/zonaroja.com.mx\/index.php?rest_route=\/wp\/v2\/posts"}],"about":[{"href":"https:\/\/zonaroja.com.mx\/index.php?rest_route=\/wp\/v2\/types\/post"}],"author":[{"embeddable":true,"href":"https:\/\/zonaroja.com.mx\/index.php?rest_route=\/wp\/v2\/users\/2"}],"replies":[{"embeddable":true,"href":"https:\/\/zonaroja.com.mx\/index.php?rest_route=%2Fwp%2Fv2%2Fcomments&post=59884"}],"version-history":[{"count":1,"href":"https:\/\/zonaroja.com.mx\/index.php?rest_route=\/wp\/v2\/posts\/59884\/revisions"}],"predecessor-version":[{"id":59886,"href":"https:\/\/zonaroja.com.mx\/index.php?rest_route=\/wp\/v2\/posts\/59884\/revisions\/59886"}],"wp:featuredmedia":[{"embeddable":true,"href":"https:\/\/zonaroja.com.mx\/index.php?rest_route=\/wp\/v2\/media\/59885"}],"wp:attachment":[{"href":"https:\/\/zonaroja.com.mx\/index.php?rest_route=%2Fwp%2Fv2%2Fmedia&parent=59884"}],"wp:term":[{"taxonomy":"category","embeddable":true,"href":"https:\/\/zonaroja.com.mx\/index.php?rest_route=%2Fwp%2Fv2%2Fcategories&post=59884"},{"taxonomy":"post_tag","embeddable":true,"href":"https:\/\/zonaroja.com.mx\/index.php?rest_route=%2Fwp%2Fv2%2Ftags&post=59884"}],"curies":[{"name":"wp","href":"https:\/\/api.w.org\/{rel}","templated":true}]}}