{"id":59887,"date":"2023-09-15T10:30:00","date_gmt":"2023-09-15T15:30:00","guid":{"rendered":"http:\/\/www.zonaroja.com.mx\/?p=59887"},"modified":"2023-09-15T08:27:52","modified_gmt":"2023-09-15T13:27:52","slug":"reconoce-lopez-obrador-a-priistas-pena-nieto-y-a-del-mazo","status":"publish","type":"post","link":"https:\/\/zonaroja.com.mx\/?p=59887","title":{"rendered":"\u00a1Reconoce L\u00f3pez Obrador a priistas Pe\u00f1a Nieto y a Del Mazo!"},"content":{"rendered":"\n<p>Redacci\u00f3n\/Zona Roja Cdmx.<\/p>\n\n\n\n<p>Ciudad de M\u00e9xico a 15 de septiembre de 2023.- A pesar de que dijo que no ten\u00eda planeado hablar en la toma de protesta de Delfina G\u00f3mez como gobernadora del Estado de M\u00e9xico, el presidente Andr\u00e9s Manuel L\u00f3pez Obrador tom\u00f3 la palabra este jueves 14 de septiembre, y adem\u00e1s de reconocer a su compa\u00f1era de partido, tom\u00f3 un buen rato para elogiar la gesti\u00f3n del mandatario saliente, Alfredo del Mazo, as\u00ed como reconocer a su antecesor en la Presidencia, Enrique Pe\u00f1a Nieto.<\/p>\n\n\n\n<p>\u201cHe tenido muy buen trabajo coordinado con el gobernador Alfredo del Mazo, no hemos chocado, no han habido discrepancias, y esto lo hemos hecho porque por encima de nuestras diferencias, si existieran&#8230; cuando se gobierna hay que hacerlo en beneficio de todos. Una cosa son los partidos y otra cosa es el Gobierno. Como su nombre lo indica: partido es una parte y Gobierno es todo el pueblo\u201d, dijo L\u00f3pez Obrador en reconocimiento a Del Mazo.<\/p>\n\n\n\n<p>Alfredo del Mazo pasar\u00e1 a la historia como el \u00faltimo gobernador del Estado de M\u00e9xico representante del PRI en un periodo de 93 a\u00f1os de hegemon\u00eda, dejando el gobierno a partir del s\u00e1bado 16 de septiembre en manos de Morena, partido oficialista en el Gobierno Federal que gan\u00f3 con m\u00e1s de la mitad de los votos al que se conoc\u00eda como el \u00faltimo gran basti\u00f3n del PRI, ya que es la entidad m\u00e1s poblada del pa\u00eds.<\/p>\n\n\n\n<p>Durante su participaci\u00f3n en la toma de protesta de Delfina G\u00f3mez, L\u00f3pez Obrador insisti\u00f3 en los reconocimientos a Alfredo del Mazo, \u201cporque independientemente de que trabajamos juntos, actu\u00f3 con mucho respeto a la libertad de los mexiquenses\u201d, esto en torno al tema de las elecciones realizadas en junio pasado.<\/p>\n\n\n\n<p>Fue ah\u00ed cuando L\u00f3pez Obrador sac\u00f3 el tema sus dos supuestos fraudes electorales y al expresidente Pe\u00f1a Nieto, ya que dijo que no se meti\u00f3 en las elecciones de 2018, evitando cualquier fraude que impidiera su llegada a la Presidencia.<\/p>\n\n\n\n<p>\u201cTengo que decir que el presidente Pe\u00f1a (Nieto), a diferencia de los otros dos presidentes (Vicente Fox y Felipe Calder\u00f3n, ambos del PAN), lo digo con todo respeto, no se meti\u00f3. Es decir, no acept\u00f3 hacer trampas y respet\u00f3 la voluntad del pueblo de M\u00e9xico. Eso no lo voy a olvidar\u201d, dijo L\u00f3pez Obrador entre aplausos.<\/p>\n\n\n\n<p>Reconoci\u00f3 que \u201calgo parecido\u201d hizo Alfredo del Mazo este a\u00f1o al evitar cualquier tipo de apoyo a la candidata Alejandra del Moral, de la alianza Va por M\u00e9xico, donde est\u00e1 el PRI, partido al que pertenece, as\u00ed como el PAN y el PRD.<\/p>\n\n\n\n<p>Admiti\u00f3 que hubo \u201cmuchos reclamos a Alfredo del Mazo\u201d de parte de la oposici\u00f3n por su comportamiento en el periodo electoral; sin embargo, pregunt\u00f3 a los pol\u00edticos opositores lo siguiente:<\/p>\n\n\n\n<p>\u201c\u00bfQu\u00e9 quer\u00edan? \u00bfQue utilizara el presupuesto p\u00fablico para favorecer a candidatos y a partidos? Eso es antidemocr\u00e1tco. \u00bfQu\u00e9 quer\u00edan? \u00bfQu\u00e9 hiciera campa\u00f1a a favor de quien representaba su partido (Alejandra del Moral? Es ilegal y antidemocr\u00e1tico. \u00c9l actu\u00f3 como dem\u00f3crata y por eso mi reconocimiento. Lo tengo que decir porque nos ha costado mucho, incluso ha costado vidas hacer valer la democracia en nuestro pa\u00eds. Y cuando hay gestos como los que he mencionado es importante reconocerlo\u201d, sentenci\u00f3 L\u00f3pez Obrador.<\/p>\n\n\n\n<p>L\u00f3pez Obrador y Alfredo del Mazo tendr\u00e1n un \u00faltimo encuentro como mandatarios este viernes 15 de septiembre en la inauguraci\u00f3n del primer tramo del Tren Interurbano, mismo que compone cuatro estaciones y va de Zinacanepec a Lerma, Estado de M\u00e9xico.<\/p>\n\n\n\n<p>El evento de toma de protesta de Delfina G\u00f3mez se adelant\u00f3 un d\u00eda, ya que se ten\u00eda previsto igual para el viernes, pero ante la inauguraci\u00f3n y que esta fuera la \u00fatima aparici\u00f3n de Del Mazo como gobernador del Estado de M\u00e9xico, el congreso local autoriz\u00f3 mover el calendario.<\/p>\n\n\n\n<p>(Informaci\u00f3n de \u201cEl Financiero\u201d)<\/p>\n","protected":false},"excerpt":{"rendered":"<p>Redacci\u00f3n\/Zona Roja Cdmx. Ciudad de M\u00e9xico a 15 de septiembre de 2023.- A pesar de&hellip;<\/p>\n","protected":false},"author":2,"featured_media":59888,"comment_status":"closed","ping_status":"open","sticky":false,"template":"","format":"standard","meta":{"_lmt_disableupdate":"","_lmt_disable":"","_jetpack_memberships_contains_paid_content":false,"footnotes":""},"categories":[109,47],"tags":[143],"class_list":["post-59887","post","type-post","status-publish","format-standard","has-post-thumbnail","hentry","category-minuto-a-minuto","category-zona-gris","tag-andres-manuel-lopez-obrador"],"jetpack_featured_media_url":"https:\/\/zonaroja.com.mx\/wp-content\/uploads\/2023\/09\/Alfredo-del-Mazo-Pena-Nieto-Obrador.jpg","jetpack_sharing_enabled":true,"_links":{"self":[{"href":"https:\/\/zonaroja.com.mx\/index.php?rest_route=\/wp\/v2\/posts\/59887","targetHints":{"allow":["GET"]}}],"collection":[{"href":"https:\/\/zonaroja.com.mx\/index.php?rest_route=\/wp\/v2\/posts"}],"about":[{"href":"https:\/\/zonaroja.com.mx\/index.php?rest_route=\/wp\/v2\/types\/post"}],"author":[{"embeddable":true,"href":"https:\/\/zonaroja.com.mx\/index.php?rest_route=\/wp\/v2\/users\/2"}],"replies":[{"embeddable":true,"href":"https:\/\/zonaroja.com.mx\/index.php?rest_route=%2Fwp%2Fv2%2Fcomments&post=59887"}],"version-history":[{"count":1,"href":"https:\/\/zonaroja.com.mx\/index.php?rest_route=\/wp\/v2\/posts\/59887\/revisions"}],"predecessor-version":[{"id":59889,"href":"https:\/\/zonaroja.com.mx\/index.php?rest_route=\/wp\/v2\/posts\/59887\/revisions\/59889"}],"wp:featuredmedia":[{"embeddable":true,"href":"https:\/\/zonaroja.com.mx\/index.php?rest_route=\/wp\/v2\/media\/59888"}],"wp:attachment":[{"href":"https:\/\/zonaroja.com.mx\/index.php?rest_route=%2Fwp%2Fv2%2Fmedia&parent=59887"}],"wp:term":[{"taxonomy":"category","embeddable":true,"href":"https:\/\/zonaroja.com.mx\/index.php?rest_route=%2Fwp%2Fv2%2Fcategories&post=59887"},{"taxonomy":"post_tag","embeddable":true,"href":"https:\/\/zonaroja.com.mx\/index.php?rest_route=%2Fwp%2Fv2%2Ftags&post=59887"}],"curies":[{"name":"wp","href":"https:\/\/api.w.org\/{rel}","templated":true}]}}