{"id":59890,"date":"2023-09-15T12:30:00","date_gmt":"2023-09-15T17:30:00","guid":{"rendered":"http:\/\/www.zonaroja.com.mx\/?p=59890"},"modified":"2023-09-15T08:54:20","modified_gmt":"2023-09-15T13:54:20","slug":"la-sip-otorga-a-carmen-aristegui-el-gran-premio-a-la-libertad-de-prensa-2023","status":"publish","type":"post","link":"https:\/\/zonaroja.com.mx\/?p=59890","title":{"rendered":"La SIP otorga a Carmen Aristegui el Gran Premio a la Libertad de Prensa 2023"},"content":{"rendered":"\n<p>Redacci\u00f3n\/Zona Roja Cdmx.<\/p>\n\n\n\n<p>Ciudad de M\u00e9xico, a 15 de septiembre de 2023.- La Sociedad Interamericana de Prensa (SIP) otorg\u00f3 a la periodista mexicana Carmen Aristegui el Gran Premio a la Libertad de Prensa 2023, la m\u00e1s alta distinci\u00f3n que otorga la instituci\u00f3n.<\/p>\n\n\n\n<p>El organismo internacional concedi\u00f3 adem\u00e1s premios especiales en cuatro nuevas categor\u00edas: Gran Amigo de la Prensa, Ejecutivo del A\u00f1o, Transformaci\u00f3n Digital y Sustentabilidad Transformadora.<\/p>\n\n\n\n<p>El a\u00f1o pasado la SIP concedi\u00f3 el Gran Premio de la Libertad de Prensa a 13 periodistas mexicanos asesinados en cumplimiento de su labor.<\/p>\n\n\n\n<p>Se trata de Sheila Johana Garc\u00eda Olivera, Yessenia Mollinedo Falconi, Luis Enrique Ram\u00edrez, Armando Linares, Juan Carlos Mu\u00f1iz, Jorge Camero, Heber L\u00f3pez V\u00e1squez, Roberto Toledo, Lourdes Maldonado, Margarito Mart\u00ednez, Jos\u00e9 Luis Gamboa, Alfredo Cardoso Echeverr\u00eda y Fredy L\u00f3pez Ar\u00e9valo.<\/p>\n\n\n\n<p>La Sociedad Interamericana de Prensa (SIP) otorg\u00f3 a la reconocida periodista mexicana Carmen Aristegui el Gran Premio a la Libertad de Prensa 2023, la m\u00e1s alta distinci\u00f3n que otorga la instituci\u00f3n.<\/p>\n\n\n\n<p>El Comit\u00e9 Ejecutivo y la Comisi\u00f3n de Premios de la SIP destacaron que Aristegui brilla por su compromiso y valent\u00eda a lo largo de su trayectoria period\u00edstica y que, en el \u00faltimo a\u00f1o, pese a las adversidades ha elevado los est\u00e1ndares a favor de la libertad de expresi\u00f3n en M\u00e9xico.<\/p>\n\n\n\n<p>El presidente de la SIP, Michael Greenspon, director global de Licencias e Innovaci\u00f3n de Impresi\u00f3n de The New York Times, expres\u00f3: \u201cla s\u00f3lida ruta period\u00edstica de Carmen Aristegui est\u00e1 anclada en la rectitud, el valor y la inquebrantable vocaci\u00f3n de arrojar luz sobre las gestiones de la institucionalidad mexicana, pese a las m\u00faltiples fuerzas que intentan callar su voz en un pa\u00eds donde el ejercicio de la prensa libre es objeto de un constante y muy peligroso acoso\u201d.<\/p>\n\n\n\n<p>Desde 1954, la SIP otorga el Gran Premio a la Libertad de Prensa a periodistas, medios y organizaciones del continente americano que se destacan por su f\u00e9rrea defensa y promoci\u00f3n de la libertad de prensa y expresi\u00f3n o que sufren abusos y ataques por su labor period\u00edstica. En a\u00f1os recientes, el premio ha sido concedido al nicarag\u00fcense Juan Lorenzo Holmann Chamorro, al cubano Henry Constant\u00edn Ferreiro, a la colombiana Jineth Bedoya, a la argentina Magdalena Ruiz Gui\u00f1az\u00fa, al ecuatoriano Diego Cornejo Menacho, al estadounidense Roberto Cox, as\u00ed como en forma colectiva y postmortem a periodistas mexicanos asesinados y a otros grupos y colectivos de periodistas de Colombia, Ecuador y Nicaragua, entre otros.<\/p>\n\n\n\n<p>Aristegui recibir\u00e1 su galard\u00f3n en la ceremonia de entrega de premios de la SIP el 11 de noviembre, en el marco de la Asamblea General de la SIP que se celebrar\u00e1 del 9 al 12 de noviembre en el hotel Hilton Reforma de Ciudad de M\u00e9xico.<\/p>\n\n\n\n<p>NUEVAS CATEGOR\u00cdAS<\/p>\n\n\n\n<p>La SIP concedi\u00f3, adem\u00e1s, premios especiales en cuatro nuevas categor\u00edas: Gran Amigo de la Prensa, Ejecutivo del A\u00f1o, Transformaci\u00f3n Digital y Sustentabilidad Transformadora. Estos galardones tambi\u00e9n ser\u00e1n entregados durante la Asamblea General en M\u00e9xico.<\/p>\n\n\n\n<p>El premio Gran Amigo de la Prensa corresponde a Alberto Ibarg\u00fcen, presidente de la Fundaci\u00f3n Knight, con sede en Miami, Florida, por su extraordinario apoyo filantr\u00f3pico a proyectos de periodismo local y la sustentabilidad de los medios como pilar de la democracia. En una carta a Ibarg\u00fcen, Greenspon declar\u00f3 que \u201cel jurado reconoci\u00f3 su extraordinaria carrera como l\u00edder de la Fundaci\u00f3n Knight y su compromiso con la sustentabilidad del periodismo y los medios de comunicaci\u00f3n, en afirmaci\u00f3n de la visi\u00f3n de los hermanos John S. y James L. Knight\u201d.<\/p>\n\n\n\n<p>La Fundaci\u00f3n lider\u00f3 la reciente iniciativa Press Foward aportando U$S150 millones para un total de $500 millones, en un esfuerzo sin precedente para fortalecer el periodismo local en prevenci\u00f3n de la propagaci\u00f3n de los desiertos informativos. En las \u00faltimas dos d\u00e9cadas, Ibarg\u00fcen supervis\u00f3 el desembolso de $2,500 millones en proyectos a favor de las artes, la educaci\u00f3n, la ciencia y el periodismo.<\/p>\n\n\n\n<p>El galard\u00f3n Ejecutivo del A\u00f1o se otorga a Pamela J. Browning, presidenta y editora de The Post and Courier, Charleston, Carolina del Sur. El jurado reconoci\u00f3 a Browning por haber involucrado a su comunidad mediante donaciones a su sala de Redacci\u00f3n, permiti\u00e9ndole sostener a su equipo de investigaci\u00f3n para destapar casos de corrupci\u00f3n. Las donaciones, que sobrepasan el mill\u00f3n de d\u00f3lares, tambi\u00e9n apoyan al sistema educativo del estado a trav\u00e9s de un periodismo de soluciones respaldado por un Lab de Educaci\u00f3n del peri\u00f3dico y, tambi\u00e9n, al proyecto de periodismo colaborativo con otros medios del estado a los que apoya econ\u00f3micamente para que puedan solicitar y realizar peticiones de acceso a la informaci\u00f3n p\u00fablica.<\/p>\n\n\n\n<p>El jurado concede el premio Transformaci\u00f3n Digital a La Naci\u00f3n de Buenos Aires porque, a trav\u00e9s de su proyecto \u201cLA NACI\u00d3N + Cerca\u201d, busca c\u00f3mo reducir el riesgo de cancelaci\u00f3n de suscripciones, ofreci\u00e9ndoles m\u00e1s y mejor contenido a los abonados. El medio plantea el problema, las acciones emprendidas y los primeros resultados, convirti\u00e9ndose en un modelo para otros medios con estrategias de sostenibilidad basadas en suscripciones.<\/p>\n\n\n\n<p>El premio Sustentabilidad Transformadora fue concedido a El Tiempo de Bogot\u00e1 por su iniciativa de contenido patrocinado, innovadora y disruptiva, sobre los avances del proceso de paz, emprendido en forma conjunta por el equipo de + Contenidos de El Tiempo y la Comisi\u00f3n de la Verdad, \u00f3rgano oficial de Colombia, cuyo mandato es identificar a los grupos que participaron en el conflicto armado y fueron responsables de violaciones a los derechos humanos.<\/p>\n\n\n\n<p>La presidenta de la Comisi\u00f3n de Premios, Leonor Mulero, del GFR Media en Puerto Rico, declar\u00f3 que \u201cestos nuevos cuatro premios subrayan el compromiso de la SIP con la b\u00fasqueda constante de alternativas innovadoras y solidarias que abonen a la sustentabilidad de los medios y, de esta forma, a las libertades de prensa y expresi\u00f3n que son medulares para la producci\u00f3n de periodismo relevante\u201d.<\/p>\n\n\n\n<p>Todos estos receptores de premios, que no tienen retribuci\u00f3n econ\u00f3mica, ser\u00e1n agasajados durante el desarrollo de la Asamblea General de la SIP en la Ciudad de M\u00e9xico.<\/p>\n\n\n\n<p>(Informaci\u00f3n de Aristegui Noticias)<\/p>\n","protected":false},"excerpt":{"rendered":"<p>Redacci\u00f3n\/Zona Roja Cdmx. Ciudad de M\u00e9xico, a 15 de septiembre de 2023.- La Sociedad Interamericana&hellip;<\/p>\n","protected":false},"author":2,"featured_media":59891,"comment_status":"closed","ping_status":"open","sticky":false,"template":"","format":"standard","meta":{"_lmt_disableupdate":"","_lmt_disable":"","_jetpack_memberships_contains_paid_content":false,"footnotes":""},"categories":[109,46],"tags":[888],"class_list":["post-59890","post","type-post","status-publish","format-standard","has-post-thumbnail","hentry","category-minuto-a-minuto","category-zona-blanca","tag-carmen-aristegui"],"jetpack_featured_media_url":"https:\/\/zonaroja.com.mx\/wp-content\/uploads\/2023\/09\/Carmen-Aristegui-premio.jpeg","jetpack_sharing_enabled":true,"_links":{"self":[{"href":"https:\/\/zonaroja.com.mx\/index.php?rest_route=\/wp\/v2\/posts\/59890","targetHints":{"allow":["GET"]}}],"collection":[{"href":"https:\/\/zonaroja.com.mx\/index.php?rest_route=\/wp\/v2\/posts"}],"about":[{"href":"https:\/\/zonaroja.com.mx\/index.php?rest_route=\/wp\/v2\/types\/post"}],"author":[{"embeddable":true,"href":"https:\/\/zonaroja.com.mx\/index.php?rest_route=\/wp\/v2\/users\/2"}],"replies":[{"embeddable":true,"href":"https:\/\/zonaroja.com.mx\/index.php?rest_route=%2Fwp%2Fv2%2Fcomments&post=59890"}],"version-history":[{"count":1,"href":"https:\/\/zonaroja.com.mx\/index.php?rest_route=\/wp\/v2\/posts\/59890\/revisions"}],"predecessor-version":[{"id":59892,"href":"https:\/\/zonaroja.com.mx\/index.php?rest_route=\/wp\/v2\/posts\/59890\/revisions\/59892"}],"wp:featuredmedia":[{"embeddable":true,"href":"https:\/\/zonaroja.com.mx\/index.php?rest_route=\/wp\/v2\/media\/59891"}],"wp:attachment":[{"href":"https:\/\/zonaroja.com.mx\/index.php?rest_route=%2Fwp%2Fv2%2Fmedia&parent=59890"}],"wp:term":[{"taxonomy":"category","embeddable":true,"href":"https:\/\/zonaroja.com.mx\/index.php?rest_route=%2Fwp%2Fv2%2Fcategories&post=59890"},{"taxonomy":"post_tag","embeddable":true,"href":"https:\/\/zonaroja.com.mx\/index.php?rest_route=%2Fwp%2Fv2%2Ftags&post=59890"}],"curies":[{"name":"wp","href":"https:\/\/api.w.org\/{rel}","templated":true}]}}