{"id":59894,"date":"2023-09-15T10:05:00","date_gmt":"2023-09-15T15:05:00","guid":{"rendered":"http:\/\/www.zonaroja.com.mx\/?p=59894"},"modified":"2023-09-15T10:33:33","modified_gmt":"2023-09-15T15:33:33","slug":"capital-insegura-asesinan-a-un-individuo-ayer-fueron-cuatro-en-la-costa","status":"publish","type":"post","link":"https:\/\/zonaroja.com.mx\/?p=59894","title":{"rendered":"Capital insegura: asesinan a un individuo; ayer fueron cuatro en la Costa"},"content":{"rendered":"\n<p>Ismael Garc\u00eda M.\/Zona Roja.<\/p>\n\n\n\n<p>Oaxaca de Ju\u00e1rez, Oax., a 15 de septiembre de 2023.- De nueva cuenta la inseguridad y la violencia deton\u00f3 en la ciudad de Oaxaca, a falta de operativos policiacos de la autoridad municipal.<\/p>\n\n\n\n<p>Esta ma\u00f1ana una persona del sexo masculino fue asesinada en la calle de Escalante casi esquina con Jazmines, colonia Azucenas de la agencia de San Mart\u00edn Mexic\u00e1pam, a unos metros de campo de futbol y cerca de la avenida Montoya.<\/p>\n\n\n\n<p>La v\u00edctima a\u00fan no ha sido identificada y la polic\u00eda municipal del gobierno del morenista Francisco Mart\u00ednez Neri \u00fanicamente lleg\u00f3 para acordonar la zona, en tanto personal de la Fiscal\u00eda General del Estado de Oaxaca inicia las indagatorias correspondientes.<\/p>\n\n\n\n<p>Por otra parte anoche otras dos personas fueron ejecutadas en la regi\u00f3n de la Costa de Oaxaca, presuntamente involucrados en delitos. <\/p>\n\n\n\n<p>En la comunidad de El Puertecito, del municipio de Santa Mar\u00eda Colotepec, fueron hallados los cuerpos sin vida de dos individuos, cuyas identidades a\u00fan se desconocen y presentan varios impactos de arma de fuego.<\/p>\n\n\n\n<p>Por la ma\u00f1ana de ayer, dos individuos fueron torturados, maniatados y ejecutados a balazos en la localidad de Playa Blanca, del municipio de Santa Mar\u00eda Tonameca, regi\u00f3n de la Costa; hasta el momento las v\u00edctimas a\u00fan no han sido identificadas.<\/p>\n","protected":false},"excerpt":{"rendered":"<p>Ismael Garc\u00eda M.\/Zona Roja. Oaxaca de Ju\u00e1rez, Oax., a 15 de septiembre de 2023.- De&hellip;<\/p>\n","protected":false},"author":2,"featured_media":59900,"comment_status":"closed","ping_status":"open","sticky":false,"template":"","format":"standard","meta":{"_lmt_disableupdate":"","_lmt_disable":"","_jetpack_memberships_contains_paid_content":false,"footnotes":""},"categories":[109,51],"tags":[148],"class_list":["post-59894","post","type-post","status-publish","format-standard","has-post-thumbnail","hentry","category-minuto-a-minuto","category-zona-roja","tag-oaxaca-de-juarez"],"jetpack_featured_media_url":"https:\/\/zonaroja.com.mx\/wp-content\/uploads\/2023\/09\/Ejecutado-San-Martin-Mexicapam.jpg","jetpack_sharing_enabled":true,"_links":{"self":[{"href":"https:\/\/zonaroja.com.mx\/index.php?rest_route=\/wp\/v2\/posts\/59894","targetHints":{"allow":["GET"]}}],"collection":[{"href":"https:\/\/zonaroja.com.mx\/index.php?rest_route=\/wp\/v2\/posts"}],"about":[{"href":"https:\/\/zonaroja.com.mx\/index.php?rest_route=\/wp\/v2\/types\/post"}],"author":[{"embeddable":true,"href":"https:\/\/zonaroja.com.mx\/index.php?rest_route=\/wp\/v2\/users\/2"}],"replies":[{"embeddable":true,"href":"https:\/\/zonaroja.com.mx\/index.php?rest_route=%2Fwp%2Fv2%2Fcomments&post=59894"}],"version-history":[{"count":2,"href":"https:\/\/zonaroja.com.mx\/index.php?rest_route=\/wp\/v2\/posts\/59894\/revisions"}],"predecessor-version":[{"id":59901,"href":"https:\/\/zonaroja.com.mx\/index.php?rest_route=\/wp\/v2\/posts\/59894\/revisions\/59901"}],"wp:featuredmedia":[{"embeddable":true,"href":"https:\/\/zonaroja.com.mx\/index.php?rest_route=\/wp\/v2\/media\/59900"}],"wp:attachment":[{"href":"https:\/\/zonaroja.com.mx\/index.php?rest_route=%2Fwp%2Fv2%2Fmedia&parent=59894"}],"wp:term":[{"taxonomy":"category","embeddable":true,"href":"https:\/\/zonaroja.com.mx\/index.php?rest_route=%2Fwp%2Fv2%2Fcategories&post=59894"},{"taxonomy":"post_tag","embeddable":true,"href":"https:\/\/zonaroja.com.mx\/index.php?rest_route=%2Fwp%2Fv2%2Ftags&post=59894"}],"curies":[{"name":"wp","href":"https:\/\/api.w.org\/{rel}","templated":true}]}}