{"id":59898,"date":"2023-09-16T11:12:00","date_gmt":"2023-09-16T16:12:00","guid":{"rendered":"http:\/\/www.zonaroja.com.mx\/?p=59898"},"modified":"2023-09-15T21:03:56","modified_gmt":"2023-09-16T02:03:56","slug":"reitera-la-oms-que-grupos-de-riesgo-deben-vacunarse-contra-el-covid-19","status":"publish","type":"post","link":"https:\/\/zonaroja.com.mx\/?p=59898","title":{"rendered":"Reitera la OMS que grupos de riesgo deben vacunarse contra el Covid-19"},"content":{"rendered":"\n<p>Redacci\u00f3n\/Zona Roja Cdmx.<\/p>\n\n\n\n<p>Ciudad de M\u00e9xico, a 16 de septiembre de 2023.- La Organizaci\u00f3n Mundial de la Salud (OMS) reiter\u00f3 hoy su recomendaci\u00f3n de que todas las personas que pertenezcan a grupos de riesgo -como mayores de 65 a\u00f1os o con enfermedades cr\u00f3nicas- se vacunen contra el Covid-19, que est\u00e1 circulando fuertemente en algunas regiones del mundo.<\/p>\n\n\n\n<p>El virus sigue con nosotros y las vacunas previenen los casos severos y las muertes\u201d, declar\u00f3 en una rueda de prensa en Ginebra la jefa de la c\u00e9lula t\u00e9cnica anticovid de la OMS, Mar\u00eda Van Kherkove.<\/p>\n\n\n\n<p>Precis\u00f3 que la organizaci\u00f3n est\u00e1 recibiendo reportes de pa\u00edses de Am\u00e9rica y Europa sobre un aumento de hospitalizaciones y enfermos que requieren ser atendidos en unidades de cuidados intensivos.<\/p>\n\n\n\n<p>A nivel mundial, la cobertura de vacunaci\u00f3n en personas a partir de los 65 a\u00f1os es del 82 por ciento si se considera el ciclo inicial de vacunaci\u00f3n (dos dosis), pero cae a 58 % en el caso de los que han recibido una dosis de refuerzo (al 8 por ciento en Africa).<\/p>\n\n\n\n<p>Von Kherkove record\u00f3 que el virus sigue cambiando y que la OMS est\u00e1 vigilando, a trav\u00e9s de los datos que le aportan los pa\u00edses, las variantes emergentes.<\/p>\n\n\n\n<p>El grupo de expertos que asesora a la OMS en cuestiones de vacunaci\u00f3n se reunir\u00e1 antes de fin de mes para actualizar sus recomendaciones sobre las vacunas contra el Covid-19.<\/p>\n\n\n\n<p>(Con informaci\u00f3n de EFE en L\u00f3pez-D\u00f3riga Digital)<\/p>\n","protected":false},"excerpt":{"rendered":"<p>Redacci\u00f3n\/Zona Roja Cdmx. Ciudad de M\u00e9xico, a 16 de septiembre de 2023.- La Organizaci\u00f3n Mundial&hellip;<\/p>\n","protected":false},"author":2,"featured_media":52144,"comment_status":"closed","ping_status":"open","sticky":false,"template":"","format":"standard","meta":{"_lmt_disableupdate":"","_lmt_disable":"","_jetpack_memberships_contains_paid_content":false,"footnotes":""},"categories":[109,47],"tags":[3669],"class_list":["post-59898","post","type-post","status-publish","format-standard","has-post-thumbnail","hentry","category-minuto-a-minuto","category-zona-gris","tag-covid-19"],"jetpack_featured_media_url":"https:\/\/zonaroja.com.mx\/wp-content\/uploads\/2023\/02\/Virus-Covid-Coronavirus-Vacuna.jpg","jetpack_sharing_enabled":true,"_links":{"self":[{"href":"https:\/\/zonaroja.com.mx\/index.php?rest_route=\/wp\/v2\/posts\/59898","targetHints":{"allow":["GET"]}}],"collection":[{"href":"https:\/\/zonaroja.com.mx\/index.php?rest_route=\/wp\/v2\/posts"}],"about":[{"href":"https:\/\/zonaroja.com.mx\/index.php?rest_route=\/wp\/v2\/types\/post"}],"author":[{"embeddable":true,"href":"https:\/\/zonaroja.com.mx\/index.php?rest_route=\/wp\/v2\/users\/2"}],"replies":[{"embeddable":true,"href":"https:\/\/zonaroja.com.mx\/index.php?rest_route=%2Fwp%2Fv2%2Fcomments&post=59898"}],"version-history":[{"count":2,"href":"https:\/\/zonaroja.com.mx\/index.php?rest_route=\/wp\/v2\/posts\/59898\/revisions"}],"predecessor-version":[{"id":59916,"href":"https:\/\/zonaroja.com.mx\/index.php?rest_route=\/wp\/v2\/posts\/59898\/revisions\/59916"}],"wp:featuredmedia":[{"embeddable":true,"href":"https:\/\/zonaroja.com.mx\/index.php?rest_route=\/wp\/v2\/media\/52144"}],"wp:attachment":[{"href":"https:\/\/zonaroja.com.mx\/index.php?rest_route=%2Fwp%2Fv2%2Fmedia&parent=59898"}],"wp:term":[{"taxonomy":"category","embeddable":true,"href":"https:\/\/zonaroja.com.mx\/index.php?rest_route=%2Fwp%2Fv2%2Fcategories&post=59898"},{"taxonomy":"post_tag","embeddable":true,"href":"https:\/\/zonaroja.com.mx\/index.php?rest_route=%2Fwp%2Fv2%2Ftags&post=59898"}],"curies":[{"name":"wp","href":"https:\/\/api.w.org\/{rel}","templated":true}]}}