{"id":59903,"date":"2023-09-15T12:20:49","date_gmt":"2023-09-15T17:20:49","guid":{"rendered":"http:\/\/www.zonaroja.com.mx\/?p=59903"},"modified":"2023-09-15T12:21:45","modified_gmt":"2023-09-15T17:21:45","slug":"pide-legislador-del-pt-atender-seguridad-en-zonas-donde-hay-suspension-de-festejos-patrios","status":"publish","type":"post","link":"https:\/\/zonaroja.com.mx\/?p=59903","title":{"rendered":"Pide legislador del PT atender seguridad en zonas donde hay suspensi\u00f3n de festejos patrios"},"content":{"rendered":"\n<p>Redacci\u00f3n\/Zona Roja.&nbsp;<\/p>\n\n\n\n<p>Oaxaca de Ju\u00e1rez, Oax., a 15 de septiembre de 2023.- Ante los hechos de violencia que se han suscitado en las \u00faltimas semanas en la regi\u00f3n del Istmo, que ha orillado a que autoridades escolares y municipales suspendieran los festejos patrios y las actividades escolares, el diputado local del Partido del Trabajo (PT), No\u00e9 Doroteo Castillejos, urgi\u00f3 la instalaci\u00f3n de mesas de seguridad en la zona.&nbsp;<\/p>\n\n\n\n<p>A trav\u00e9s de un exhorto, el legislador petista pidi\u00f3 a las autoridades encargadas de procurar la justicia en la entidad, atender la situaci\u00f3n que se vive en la zona oriente del Istmo, al se\u00f1alar que estos hechos han provocado psicosis en la poblaci\u00f3n.&nbsp;<\/p>\n\n\n\n<p>Apunt\u00f3 que autoridades de la zona han pedido apoyo al Poder Legislativo para contrarrestar el clima de zozobra que se vive por los \u00faltimos acontecimientos, toda vez que no solo se requiere de un operativo de vigilancia sino que tambi\u00e9n necesitan trabajar en equipo para devolver la tranquilidad de las y los habitantes.&nbsp;<\/p>\n\n\n\n<p>Este posicionamiento surgi\u00f3 luego de la decisi\u00f3n del Centro de Bachillerato Tecnol\u00f3gico Industrial y de Servicios (CBTIS) n\u00famero 31 de la poblaci\u00f3n de Mat\u00edas Romero de suspender labores por la inseguridad.&nbsp;<\/p>\n\n\n\n<p>Mientras que en la agencia de Palomares, autoridades escolares y municipales anunciaron la suspensi\u00f3n de los festejos patrios y las actividades escolares, al menos una semana.&nbsp;<\/p>\n\n\n\n<p>El clima de inseguridad agudiz\u00f3 en el Istmo,  tras la quema de unidades del transporte p\u00fablico y donde grupos que se asumen del crimen organizado han lanzado amenazas en contra de escuelas y autoridades municipales sobre posibles ataques.<\/p>\n","protected":false},"excerpt":{"rendered":"<p>Redacci\u00f3n\/Zona Roja.&nbsp; Oaxaca de Ju\u00e1rez, Oax., a 15 de septiembre de 2023.- Ante los hechos&hellip;<\/p>\n","protected":false},"author":2,"featured_media":59902,"comment_status":"closed","ping_status":"open","sticky":false,"template":"","format":"standard","meta":{"_lmt_disableupdate":"","_lmt_disable":"","_jetpack_memberships_contains_paid_content":false,"footnotes":""},"categories":[109,46],"tags":[],"class_list":["post-59903","post","type-post","status-publish","format-standard","has-post-thumbnail","hentry","category-minuto-a-minuto","category-zona-blanca"],"jetpack_featured_media_url":"https:\/\/zonaroja.com.mx\/wp-content\/uploads\/2023\/09\/img_3118.jpg","jetpack_sharing_enabled":true,"_links":{"self":[{"href":"https:\/\/zonaroja.com.mx\/index.php?rest_route=\/wp\/v2\/posts\/59903","targetHints":{"allow":["GET"]}}],"collection":[{"href":"https:\/\/zonaroja.com.mx\/index.php?rest_route=\/wp\/v2\/posts"}],"about":[{"href":"https:\/\/zonaroja.com.mx\/index.php?rest_route=\/wp\/v2\/types\/post"}],"author":[{"embeddable":true,"href":"https:\/\/zonaroja.com.mx\/index.php?rest_route=\/wp\/v2\/users\/2"}],"replies":[{"embeddable":true,"href":"https:\/\/zonaroja.com.mx\/index.php?rest_route=%2Fwp%2Fv2%2Fcomments&post=59903"}],"version-history":[{"count":1,"href":"https:\/\/zonaroja.com.mx\/index.php?rest_route=\/wp\/v2\/posts\/59903\/revisions"}],"predecessor-version":[{"id":59904,"href":"https:\/\/zonaroja.com.mx\/index.php?rest_route=\/wp\/v2\/posts\/59903\/revisions\/59904"}],"wp:featuredmedia":[{"embeddable":true,"href":"https:\/\/zonaroja.com.mx\/index.php?rest_route=\/wp\/v2\/media\/59902"}],"wp:attachment":[{"href":"https:\/\/zonaroja.com.mx\/index.php?rest_route=%2Fwp%2Fv2%2Fmedia&parent=59903"}],"wp:term":[{"taxonomy":"category","embeddable":true,"href":"https:\/\/zonaroja.com.mx\/index.php?rest_route=%2Fwp%2Fv2%2Fcategories&post=59903"},{"taxonomy":"post_tag","embeddable":true,"href":"https:\/\/zonaroja.com.mx\/index.php?rest_route=%2Fwp%2Fv2%2Ftags&post=59903"}],"curies":[{"name":"wp","href":"https:\/\/api.w.org\/{rel}","templated":true}]}}