{"id":59905,"date":"2023-09-15T18:52:19","date_gmt":"2023-09-15T23:52:19","guid":{"rendered":"http:\/\/www.zonaroja.com.mx\/?p=59905"},"modified":"2023-09-15T18:52:21","modified_gmt":"2023-09-15T23:52:21","slug":"terrible-accidente-carretero-seis-muertos-tres-de-ellos-calcinados","status":"publish","type":"post","link":"https:\/\/zonaroja.com.mx\/?p=59905","title":{"rendered":"Terrible accidente carretero: seis muertos, tres de ellos calcinados"},"content":{"rendered":"\n<p>Redacci\u00f3n\/Zona Roja.<\/p>\n\n\n\n<p>Oaxaca de Ju\u00e1rez, Oax., a 15 de septiembre de 2023.- Al menos seis personas perdieron la vida, seis de ellas calcinadas, a causa de un percance entre varios veh\u00edculos, en la supercarretera Salina Cruz-La Ventosa, en jurisdicci\u00f3n de Santa Mar\u00eda Mixtequilla.<\/p>\n\n\n\n<p>El fatal percance ocurri\u00f3 la ma\u00f1ana de hoy, en que se involucraron una camioneta marca Nissan, tipo NP300, un taxi tipo Tsuru, marca Nissan, con placas de circulaci\u00f3n 19-75SJN&nbsp; y otra camioneta de redilas.<\/p>\n\n\n\n<p>Una de las unidades de motor volc\u00f3 y se incendi\u00f3, dentro de la cual murieron calcinadas las personas, a\u00fan no identificadas.<\/p>\n\n\n\n<p>Param\u00e9dicos de diversas corporaciones acudieron al sitio, a la altura del kil\u00f3metro 29, para atender la emergencia y rescatar adem\u00e1s a varias personas lesionadas, que fueron trasladadas a un hospital.<\/p>\n\n\n\n<p>En tanto que personal de la Fiscal\u00eda General del Estado de Oaxaca inici\u00f3 con las indagatorias correspondientes, con la finalidad de deslindar responsabilidades y aplicar la ley a quien corresponda.<\/p>\n","protected":false},"excerpt":{"rendered":"<p>Redacci\u00f3n\/Zona Roja. Oaxaca de Ju\u00e1rez, Oax., a 15 de septiembre de 2023.- Al menos seis&hellip;<\/p>\n","protected":false},"author":2,"featured_media":59906,"comment_status":"closed","ping_status":"open","sticky":false,"template":"","format":"standard","meta":{"_lmt_disableupdate":"","_lmt_disable":"","_jetpack_memberships_contains_paid_content":false,"footnotes":""},"categories":[109,51],"tags":[3416],"class_list":["post-59905","post","type-post","status-publish","format-standard","has-post-thumbnail","hentry","category-minuto-a-minuto","category-zona-roja","tag-accidentes-carreteros-oaxaca"],"jetpack_featured_media_url":"https:\/\/zonaroja.com.mx\/wp-content\/uploads\/2023\/09\/Accidente-autopista-Istmo.jpg","jetpack_sharing_enabled":true,"_links":{"self":[{"href":"https:\/\/zonaroja.com.mx\/index.php?rest_route=\/wp\/v2\/posts\/59905","targetHints":{"allow":["GET"]}}],"collection":[{"href":"https:\/\/zonaroja.com.mx\/index.php?rest_route=\/wp\/v2\/posts"}],"about":[{"href":"https:\/\/zonaroja.com.mx\/index.php?rest_route=\/wp\/v2\/types\/post"}],"author":[{"embeddable":true,"href":"https:\/\/zonaroja.com.mx\/index.php?rest_route=\/wp\/v2\/users\/2"}],"replies":[{"embeddable":true,"href":"https:\/\/zonaroja.com.mx\/index.php?rest_route=%2Fwp%2Fv2%2Fcomments&post=59905"}],"version-history":[{"count":1,"href":"https:\/\/zonaroja.com.mx\/index.php?rest_route=\/wp\/v2\/posts\/59905\/revisions"}],"predecessor-version":[{"id":59907,"href":"https:\/\/zonaroja.com.mx\/index.php?rest_route=\/wp\/v2\/posts\/59905\/revisions\/59907"}],"wp:featuredmedia":[{"embeddable":true,"href":"https:\/\/zonaroja.com.mx\/index.php?rest_route=\/wp\/v2\/media\/59906"}],"wp:attachment":[{"href":"https:\/\/zonaroja.com.mx\/index.php?rest_route=%2Fwp%2Fv2%2Fmedia&parent=59905"}],"wp:term":[{"taxonomy":"category","embeddable":true,"href":"https:\/\/zonaroja.com.mx\/index.php?rest_route=%2Fwp%2Fv2%2Fcategories&post=59905"},{"taxonomy":"post_tag","embeddable":true,"href":"https:\/\/zonaroja.com.mx\/index.php?rest_route=%2Fwp%2Fv2%2Ftags&post=59905"}],"curies":[{"name":"wp","href":"https:\/\/api.w.org\/{rel}","templated":true}]}}