{"id":59908,"date":"2023-09-15T19:08:11","date_gmt":"2023-09-16T00:08:11","guid":{"rendered":"http:\/\/www.zonaroja.com.mx\/?p=59908"},"modified":"2023-09-15T19:08:13","modified_gmt":"2023-09-16T00:08:13","slug":"asesinan-a-balazos-a-trabajador-del-imss-en-puerto-escondido","status":"publish","type":"post","link":"https:\/\/zonaroja.com.mx\/?p=59908","title":{"rendered":"Asesinan a balazos a trabajador del IMSS en Puerto Escondido"},"content":{"rendered":"\n<p>Redacci\u00f3n\/Zona Roja.<\/p>\n\n\n\n<p>Oaxaca de Ju\u00e1rez, Oax., a 15 de septiembre de 2023.- Una persona del sexo masculino fue asesinada en Puerto Escondido, San Pedro Mixtepec, en la regi\u00f3n de la Costa.<\/p>\n\n\n\n<p>La v\u00edctima fue identificada como Sergio Emanuel O. B., de 40 a\u00f1os de edad, y era trabajador del Instituto Mexicano del Seguro Social (IMSS).<\/p>\n\n\n\n<p>El ataque armado ocurri\u00f3 en la calle Topat\u00edo de la colonia La Lucerna de Puerto Escondido, y el cuerpo presenta al menos cuatro lesiones provocadas por arma de fuego; era originario de la localidad de Bajos de Chila.<\/p>\n\n\n\n<p>Hasta el momento se desconoce el m\u00f3vil del asesinato y personal de la Vicefiscal\u00eda Regional de la Costa, dependiente de la Fiscal\u00eda General del Estado de Oaxaca, inici\u00f3 las indagatorias correspondientes.<\/p>\n\n\n\n<p>Cabe mencionar que este viernes 15 de septiembre, fue asesinada otra persona del sexo masculino, en la colonia Azucenas de la agencia de San Mart\u00edn Mexic\u00e1pam, municipio de Oaxaca de Ju\u00e1rez.<\/p>\n","protected":false},"excerpt":{"rendered":"<p>Redacci\u00f3n\/Zona Roja. Oaxaca de Ju\u00e1rez, Oax., a 15 de septiembre de 2023.- Una persona del&hellip;<\/p>\n","protected":false},"author":2,"featured_media":59909,"comment_status":"closed","ping_status":"open","sticky":false,"template":"","format":"standard","meta":{"_lmt_disableupdate":"","_lmt_disable":"","_jetpack_memberships_contains_paid_content":false,"footnotes":""},"categories":[109,51],"tags":[590],"class_list":["post-59908","post","type-post","status-publish","format-standard","has-post-thumbnail","hentry","category-minuto-a-minuto","category-zona-roja","tag-puerto-escondido"],"jetpack_featured_media_url":"https:\/\/zonaroja.com.mx\/wp-content\/uploads\/2023\/09\/Ejecutado-Puerto-Escondido.jpeg","jetpack_sharing_enabled":true,"_links":{"self":[{"href":"https:\/\/zonaroja.com.mx\/index.php?rest_route=\/wp\/v2\/posts\/59908","targetHints":{"allow":["GET"]}}],"collection":[{"href":"https:\/\/zonaroja.com.mx\/index.php?rest_route=\/wp\/v2\/posts"}],"about":[{"href":"https:\/\/zonaroja.com.mx\/index.php?rest_route=\/wp\/v2\/types\/post"}],"author":[{"embeddable":true,"href":"https:\/\/zonaroja.com.mx\/index.php?rest_route=\/wp\/v2\/users\/2"}],"replies":[{"embeddable":true,"href":"https:\/\/zonaroja.com.mx\/index.php?rest_route=%2Fwp%2Fv2%2Fcomments&post=59908"}],"version-history":[{"count":1,"href":"https:\/\/zonaroja.com.mx\/index.php?rest_route=\/wp\/v2\/posts\/59908\/revisions"}],"predecessor-version":[{"id":59910,"href":"https:\/\/zonaroja.com.mx\/index.php?rest_route=\/wp\/v2\/posts\/59908\/revisions\/59910"}],"wp:featuredmedia":[{"embeddable":true,"href":"https:\/\/zonaroja.com.mx\/index.php?rest_route=\/wp\/v2\/media\/59909"}],"wp:attachment":[{"href":"https:\/\/zonaroja.com.mx\/index.php?rest_route=%2Fwp%2Fv2%2Fmedia&parent=59908"}],"wp:term":[{"taxonomy":"category","embeddable":true,"href":"https:\/\/zonaroja.com.mx\/index.php?rest_route=%2Fwp%2Fv2%2Fcategories&post=59908"},{"taxonomy":"post_tag","embeddable":true,"href":"https:\/\/zonaroja.com.mx\/index.php?rest_route=%2Fwp%2Fv2%2Ftags&post=59908"}],"curies":[{"name":"wp","href":"https:\/\/api.w.org\/{rel}","templated":true}]}}