{"id":5991,"date":"2019-11-22T21:09:52","date_gmt":"2019-11-23T03:09:52","guid":{"rendered":"http:\/\/www.zonaroja.com.mx\/?p=5991"},"modified":"2019-11-22T21:09:55","modified_gmt":"2019-11-23T03:09:55","slug":"otorgan-premio-por-construccion-del-archivo-general-del-estado-de-oaxaca","status":"publish","type":"post","link":"https:\/\/zonaroja.com.mx\/?p=5991","title":{"rendered":"Otorgan premio por construcci\u00f3n del Archivo General del Estado de Oaxaca"},"content":{"rendered":"\n<p>Redacci\u00f3n\/Zona Roja Cdmx.<\/p>\n\n\n\n<p>Ciudad de M\u00e9xico, 22 de noviembre de\n2019.- El Archivo General del Estado de Oaxaca, en M\u00e9xico, proyectado por\nIgnacio Mendaro Corsini, se ha alzado con el Premio de Arquitectura Espa\u00f1ola\nInternacional 2019.<\/p>\n\n\n\n<p>El galard\u00f3n lo promueve el Consejo\nSuperior de los Colegios de Arquitectos de Espa\u00f1a (CSCAE) para incentivar y\npromocionar la expansi\u00f3n de los profesionales y de las empresas de arquitectura\nespa\u00f1olas en el exterior, reconociendo su calidad arquitect\u00f3nica y urban\u00edstica\ny consolidando una marca com\u00fan.<\/p>\n\n\n\n<p>En su dictamen, el jurado ha valorado\nla \u201ch\u00e1bil integraci\u00f3n del edificio con el paisaje\u201d y el esfuerzo por conseguir\nla \u201cadecuada sinton\u00eda entre la composici\u00f3n de plantas, alzados y secciones, y\nel sistema estructural y constructivo escogido, que conecta con la historia de\nla arquitectura monumental de M\u00e9xico\u201d. <\/p>\n\n\n\n<p>Destaca, adem\u00e1s, la \u201cextraordinaria\nvariedad y ritmo\u201d que tienen los distintos espacios y recorridos gracias al\ntratamiento de la luz y las texturas, \u201cpese a la austera, conveniente y sincera\npaleta crom\u00e1tica y de materiales\u201d.<\/p>\n\n\n\n<p>Por otro lado, el jurado tambi\u00e9n ha\nquerido reconocer con una Menci\u00f3n Especial el proyecto de ampliaci\u00f3n de la\nUniversidad Alioune Diop, en la ciudad senegalesa de Bambey, obra de los\narquitectos Javier P\u00e9rez Uribarri y Federico Pardos Auber. <\/p>\n\n\n\n<p>En este caso, reconoce el \u201cgran impacto\nsocial\u201d del proyecto y \u201cla sensibilidad que muestra con el entorno\nsociocultural\u201d. \u201cDesarrolla una arquitectura econ\u00f3mica, r\u00e1pida y resolutiva,\nadaptada a las necesidades humanas, clim\u00e1ticas y constructivas del lugar\u201d.<\/p>\n\n\n\n<p>Los dos proyectos fueron premiados en\nel Panorama de Obras de la pasada edici\u00f3n de la Bienal Espa\u00f1ola de Arquitectura\ny Urbanismo (BEAU).<\/p>\n\n\n\n<p>Promovido por el Foro de la\nArquitectura Espa\u00f1ola del CSCAE, el jurado del Premio de Arquitectura Espa\u00f1ola\nInternacional ha estado formado por las siguientes entidades: la Fundaci\u00f3n de\nArquitectura Contempor\u00e1nea (COP), la Fundaci\u00f3n Docomomo Ib\u00e9rico, ARQUIA, las\nescuelas de Arquitectura de Barcelona, Islas Baleares, Madrid y Valencia, el\nConsejo Andaluz de los Colegios Oficiales de Arquitectos (CACOA) y los colegios\nde arquitectos Vasco-Navarro y de La Rioja.<\/p>\n\n\n\n<p>La entrega del Premio de Arquitectura\nEspa\u00f1ola Internacional tendr\u00e1 lugar el pr\u00f3ximo jueves, a las 19:30 horas, en el\nHip\u00f3dromo de la Zarzuela. <\/p>\n\n\n\n<p>Ah\u00ed tambi\u00e9n se entregar\u00e1n la Medalla de\nOro de la Arquitectura a Alberto Campo Baeza; el Premio de Arquitectura\nEspa\u00f1ola ex aequo al Museo del Clima de Lleida y al proyecto Life Reusing\nPosidonia, en Sant Ferran (Formentera), y el Premio de Urbanismo Espa\u00f1ol al\nplan de usos de Ciutat Vella, en Barcelona.<\/p>\n\n\n\n<p>JOYA ARQUITECT\u00d3NICA<\/p>\n\n\n\n<p>Situado en el Parque de las Canteras,\nen el municipio de Santa Luc\u00eda del Camino, el Archivo General del Estado de\nOaxaca proyectado por Ignacio Mendaro Corsini da respuesta a la necesidad de\npreservar y restaurar el enorme acervo documental (diecis\u00e9is kil\u00f3metros\nlineales de estanter\u00edas) de la historia de Oaxaca. La ubicaci\u00f3n elegida es\nespecialmente simb\u00f3lica porque de este emplazamiento se extrajo la piedra para\nconstruir la Verde Antequera, por lo que la ubicaci\u00f3n del archivo potencia esta\nzona, en los l\u00edmites de Oaxaca.<\/p>\n\n\n\n<p>Plenamente adaptado a la topograf\u00eda del\nlugar, el archivo dispone de dos accesos diferenciados en dos niveles. El\ninterior se compone de piezas estrat\u00e9gicamente dispuestas, lo que puede\nentenderse como un volumen en negativo formado por patios que respeta los\n\u00e1rboles existentes. <\/p>\n\n\n\n<p>Con esta distribuci\u00f3n, el parque y sus\nvisitantes se benefician de la cultura del archivo. La trama p\u00fablica se\nentremezcla en el interior del edificio para dar acceso al auditorio, las\naulas, las bibliotecas, las exposiciones y la cafeter\u00eda sin interferir, ni\nmezclarse con el mundo de la organizaci\u00f3n y restauraci\u00f3n del acervo.<\/p>\n\n\n\n<p>El edificio est\u00e1 construido en muros de\nhormig\u00f3n de color ocre, aludiendo al tono de las tierras de la Mixteca. Oaxaca\nense\u00f1a la importancia de la arquitectura muraria y del claroscuro en la\nsecuencia de patios. Es una arquitectura sabia con la climatolog\u00eda que se funde\ncon la vegetaci\u00f3n, logrando que las transparencias cobren vida.<\/p>\n","protected":false},"excerpt":{"rendered":"<p>Redacci\u00f3n\/Zona Roja Cdmx. Ciudad de M\u00e9xico, 22 de noviembre de 2019.- El Archivo General del&hellip;<\/p>\n","protected":false},"author":2,"featured_media":5992,"comment_status":"closed","ping_status":"open","sticky":false,"template":"","format":"standard","meta":{"_lmt_disableupdate":"","_lmt_disable":"","_jetpack_memberships_contains_paid_content":false,"footnotes":""},"categories":[1,46],"tags":[1045],"class_list":["post-5991","post","type-post","status-publish","format-standard","has-post-thumbnail","hentry","category-sin-categoria","category-zona-blanca","tag-archivo-general-del-estado-de-oaxaca"],"jetpack_featured_media_url":"https:\/\/zonaroja.com.mx\/wp-content\/uploads\/2019\/11\/Archivo-General-del-Estado.png","jetpack_sharing_enabled":true,"_links":{"self":[{"href":"https:\/\/zonaroja.com.mx\/index.php?rest_route=\/wp\/v2\/posts\/5991","targetHints":{"allow":["GET"]}}],"collection":[{"href":"https:\/\/zonaroja.com.mx\/index.php?rest_route=\/wp\/v2\/posts"}],"about":[{"href":"https:\/\/zonaroja.com.mx\/index.php?rest_route=\/wp\/v2\/types\/post"}],"author":[{"embeddable":true,"href":"https:\/\/zonaroja.com.mx\/index.php?rest_route=\/wp\/v2\/users\/2"}],"replies":[{"embeddable":true,"href":"https:\/\/zonaroja.com.mx\/index.php?rest_route=%2Fwp%2Fv2%2Fcomments&post=5991"}],"version-history":[{"count":1,"href":"https:\/\/zonaroja.com.mx\/index.php?rest_route=\/wp\/v2\/posts\/5991\/revisions"}],"predecessor-version":[{"id":5993,"href":"https:\/\/zonaroja.com.mx\/index.php?rest_route=\/wp\/v2\/posts\/5991\/revisions\/5993"}],"wp:featuredmedia":[{"embeddable":true,"href":"https:\/\/zonaroja.com.mx\/index.php?rest_route=\/wp\/v2\/media\/5992"}],"wp:attachment":[{"href":"https:\/\/zonaroja.com.mx\/index.php?rest_route=%2Fwp%2Fv2%2Fmedia&parent=5991"}],"wp:term":[{"taxonomy":"category","embeddable":true,"href":"https:\/\/zonaroja.com.mx\/index.php?rest_route=%2Fwp%2Fv2%2Fcategories&post=5991"},{"taxonomy":"post_tag","embeddable":true,"href":"https:\/\/zonaroja.com.mx\/index.php?rest_route=%2Fwp%2Fv2%2Ftags&post=5991"}],"curies":[{"name":"wp","href":"https:\/\/api.w.org\/{rel}","templated":true}]}}