{"id":59914,"date":"2023-09-15T21:01:35","date_gmt":"2023-09-16T02:01:35","guid":{"rendered":"http:\/\/www.zonaroja.com.mx\/?p=59914"},"modified":"2023-09-15T21:01:37","modified_gmt":"2023-09-16T02:01:37","slug":"extraditan-a-estados-unidos-al-hijo-de-el-chapo-guzman","status":"publish","type":"post","link":"https:\/\/zonaroja.com.mx\/?p=59914","title":{"rendered":"Extraditan a Estados Unidos al hijo de \u201cEl Chapo\u201d Guzm\u00e1n"},"content":{"rendered":"\n<p>Redacci\u00f3n\/Zona Roja Cdmx.<\/p>\n\n\n\n<p>Ciudad de M\u00e9xico, a 15 de septiembre de 2023.- El Departamento de Justicia de Estados Unidos inform\u00f3 que Ovidio Guzm\u00e1n L\u00f3pez, \u2018El Rat\u00f3n\u2019, hijo de Joaqu\u00edn \u2018El Chapo\u2019 Guzm\u00e1n, fue extraditado a Estados Unidos.<\/p>\n\n\n\n<p>\u2018\u2018Hoy, como resultado de la cooperaci\u00f3n policial entre Estados Unidos y M\u00e9xico, Ovidio Guzm\u00e1n L\u00f3pez, l\u00edder del Cartel de Sinaloa, fue extraditado a Estados Unidos. Esta acci\u00f3n es el paso m\u00e1s reciente en el esfuerzo del Departamento de Justicia para atacar todos los aspectos de las operaciones del cartel\u2019&#8217;, declar\u00f3 el fiscal General Merrick B. Garland.<\/p>\n\n\n\n<p>En abril, la jefa de la&nbsp;Administraci\u00f3n de Control de Drogas (DEA),&nbsp;Anne Milgram, compareci\u00f3 en el Comit\u00e9 de Asignaciones de la C\u00e1mara de Representantes de Estados Unidos para informar sobre&nbsp;la solicitud formal de extradici\u00f3n&nbsp;de 16 integrantes del C\u00e1rtel de Sinaloa, entre los que destacan los \u2018Chapitos\u2019.<\/p>\n\n\n\n<p>Milgram detall\u00f3 que pedir\u00edan la inmediata extradici\u00f3n de&nbsp;Ovidio Guzm\u00e1n, capturado por autoridades mexicanas en enero.<\/p>\n\n\n\n<p>\u2018\u2019Nuestra prioridad es obtener que esos 16 mexicanos sean tra\u00eddos a los Estados Unidos para enfrentar a la justicia\u2019&#8217;, sentenci\u00f3 Milgram.<\/p>\n\n\n\n<p>Ovidio Guzm\u00e1n fue detenido el pasado jueves 5 de enero, durante un operativo en Culiac\u00e1n, Sinaloa.<\/p>\n\n\n\n<p>El Departamento de Justicia de&nbsp;Estados Unidos ubica a Ovidio Guzm\u00e1n&nbsp;como uno de sus objetivos prioritarios, debido a su posici\u00f3n como l\u00edder del C\u00e1rtel de Sinaloa.<\/p>\n\n\n\n<p>De acuerdo con autoridades estadounidenses,&nbsp;\u2018El Rat\u00f3n\u2019 es heredero, junto con su hermano Joaqu\u00edn y, de las operaciones de narc\u00f3ticos&nbsp;de Edgar Guzm\u00e1n L\u00f3pez. Los hermanos Guzm\u00e1n L\u00f3pez supervisaban aproximadamente 11 laboratorios de metanfetamina en Sinaloa, seg\u00fan investigaciones del Gobierno de Estados Unidos, en su apartado de \u2018los m\u00e1s buscados\u2019.<\/p>\n\n\n\n<p>Hace tres a\u00f1os,&nbsp;cuando Ovidio Guzm\u00e1n fue detenido y posteriormente liberado&nbsp;por fuerzas federales,&nbsp;se dio a conocer que cuenta con \u00f3rdenes de aprehensi\u00f3n en Estados Unidos.<\/p>\n\n\n\n<p>Una corte federal en Columbia, Washington D.C., a cargo del juez Rudolph Contreras, tiene un expediente judicial que acusa a Ovidio Guzm\u00e1n de tr\u00e1fico de una tonelada de marihuana, metanfetaminas y coca\u00edna hacia la Uni\u00f3n Americana, desde abril de 2008.<\/p>\n\n\n\n<p>\u2018El Rat\u00f3n\u2019, considerado como uno de los l\u00edderes del Cartel de Sinaloa, fue detenido en la madrugada del jueves 5 de enero por un grupo de \u00e9lite del Ej\u00e9rcito.<\/p>\n\n\n\n<p>Autoridades militares dijeron&nbsp;de manera extraoficial&nbsp;que la captura del capo ocurri\u00f3 durante un operativo en Culiac\u00e1n, ciudad que est\u00e1 envuelta&nbsp;en narcobloqueos y enfrentamientos.<\/p>\n\n\n\n<p>El presidente Andr\u00e9s Manuel L\u00f3pez Obrador dijo en su \u2018ma\u00f1anera\u2019 de ese jueves que la Secretar\u00eda de Seguridad ofrecer\u00e1 un reporte sobre el operativo.<\/p>\n\n\n\n<p>De acuerdo con el medio&nbsp;\u201cLos Noticieristas\u201d, Ovidio Guzm\u00e1n fue aprehendido en&nbsp;el rancho de Jes\u00fas Mar\u00eda, en Culiac\u00e1n.<\/p>\n\n\n\n<p>En medio de esta noticia, el periodista Alejandro Dom\u00ednguez asegur\u00f3 que el aeropuerto de Culiac\u00e1n ya estaba resguardado por elementos de la Secretar\u00eda de la Defensa Nacional (Sedena).<\/p>\n\n\n\n<p>\u201cDe acuerdo con la trayectoria de la ruta, aterrizar\u00e1n estos dos Boeing 737-800 de la Fuerza A\u00e9rea Mexicana que despegaron de Santa Luc\u00eda minutos antes de las 8am.&nbsp;En ellos suelen viajar militares de apoyo\u201d,&nbsp;public\u00f3 en su cuenta de Twitter.<\/p>\n\n\n\n<p>(Con informaci\u00f3n de David Sa\u00fal Vela, en \u201cEl Financiero\u201d)<\/p>\n","protected":false},"excerpt":{"rendered":"<p>Redacci\u00f3n\/Zona Roja Cdmx. Ciudad de M\u00e9xico, a 15 de septiembre de 2023.- El Departamento de&hellip;<\/p>\n","protected":false},"author":2,"featured_media":50160,"comment_status":"closed","ping_status":"open","sticky":false,"template":"","format":"standard","meta":{"_lmt_disableupdate":"","_lmt_disable":"","_jetpack_memberships_contains_paid_content":false,"footnotes":""},"categories":[109,47],"tags":[887],"class_list":["post-59914","post","type-post","status-publish","format-standard","has-post-thumbnail","hentry","category-minuto-a-minuto","category-zona-gris","tag-ovidio-guzman-lopez"],"jetpack_featured_media_url":"https:\/\/zonaroja.com.mx\/wp-content\/uploads\/2023\/01\/Ovidio-Guzman.jpeg","jetpack_sharing_enabled":true,"_links":{"self":[{"href":"https:\/\/zonaroja.com.mx\/index.php?rest_route=\/wp\/v2\/posts\/59914","targetHints":{"allow":["GET"]}}],"collection":[{"href":"https:\/\/zonaroja.com.mx\/index.php?rest_route=\/wp\/v2\/posts"}],"about":[{"href":"https:\/\/zonaroja.com.mx\/index.php?rest_route=\/wp\/v2\/types\/post"}],"author":[{"embeddable":true,"href":"https:\/\/zonaroja.com.mx\/index.php?rest_route=\/wp\/v2\/users\/2"}],"replies":[{"embeddable":true,"href":"https:\/\/zonaroja.com.mx\/index.php?rest_route=%2Fwp%2Fv2%2Fcomments&post=59914"}],"version-history":[{"count":1,"href":"https:\/\/zonaroja.com.mx\/index.php?rest_route=\/wp\/v2\/posts\/59914\/revisions"}],"predecessor-version":[{"id":59915,"href":"https:\/\/zonaroja.com.mx\/index.php?rest_route=\/wp\/v2\/posts\/59914\/revisions\/59915"}],"wp:featuredmedia":[{"embeddable":true,"href":"https:\/\/zonaroja.com.mx\/index.php?rest_route=\/wp\/v2\/media\/50160"}],"wp:attachment":[{"href":"https:\/\/zonaroja.com.mx\/index.php?rest_route=%2Fwp%2Fv2%2Fmedia&parent=59914"}],"wp:term":[{"taxonomy":"category","embeddable":true,"href":"https:\/\/zonaroja.com.mx\/index.php?rest_route=%2Fwp%2Fv2%2Fcategories&post=59914"},{"taxonomy":"post_tag","embeddable":true,"href":"https:\/\/zonaroja.com.mx\/index.php?rest_route=%2Fwp%2Fv2%2Ftags&post=59914"}],"curies":[{"name":"wp","href":"https:\/\/api.w.org\/{rel}","templated":true}]}}