{"id":59920,"date":"2023-09-16T12:00:00","date_gmt":"2023-09-16T17:00:00","guid":{"rendered":"http:\/\/www.zonaroja.com.mx\/?p=59920"},"modified":"2023-09-16T08:28:01","modified_gmt":"2023-09-16T13:28:01","slug":"detiene-fiscalia-de-oaxaca-a-sujeto-por-violacion-a-su-propia-hija","status":"publish","type":"post","link":"https:\/\/zonaroja.com.mx\/?p=59920","title":{"rendered":"Detiene Fiscal\u00eda de Oaxaca a sujeto por violaci\u00f3n a su propia hija"},"content":{"rendered":"\n<p>Redacci\u00f3n\/Zona Roja.<\/p>\n\n\n\n<p>Oaxaca de Ju\u00e1rez, Oax., a 16 de septiembre de 2023.-&nbsp; Como parte de las acciones de cero tolerancia a los delitos sexuales contra ni\u00f1as, ni\u00f1os y adolescentes, la Fiscal\u00eda General del Estado de Oaxaca (FGEO), a trav\u00e9s de la Agencia Estatal de Investigaciones (AEI) ejecut\u00f3 una orden de aprehensi\u00f3n en contra de un hombre identificado como S.Q.H., por el delito de Violaci\u00f3n Agravada.<\/p>\n\n\n\n<p>De acuerdo con la causa penal, los hechos ocurrieron este a\u00f1o, cuando el padre de la v\u00edctima (de quien se omite su identidad) la agredi\u00f3 sexualmente en Santiago Ixtayutla, por lo que despu\u00e9s del hecho, familiares de la menor de edad acudieron ante la Vicefiscal\u00eda Regional de la Costa para presentar la denuncia correspondiente.<\/p>\n\n\n\n<p>Ante ello, se iniciaron las investigaciones que permitieron que el Juez librara la orden de aprehensi\u00f3n que fue ejecutada por elementos de la AEI y la cual fue declarada como legal, quedando el imputado en prisi\u00f3n preventiva justificada.<\/p>\n\n\n\n<p>La Fiscal\u00eda General del Estado de Oaxaca realiza investigaciones cient\u00edficas y expeditas, con el objetivo de procurar justicia a las v\u00edctimas directas e indirectas de delitos, principalmente cuando estos afectan a ni\u00f1as, ni\u00f1os y adolescentes.&nbsp;<\/p>\n\n\n\n<p>As\u00ed tambi\u00e9n, la instituci\u00f3n refrenda su compromiso de realizar todas las investigaciones para que estas conductas sean sancionadas, como una estrategia que permita inhibir la comisi\u00f3n de actos que lesionan la integridad de las personas menores de edad.<\/p>\n","protected":false},"excerpt":{"rendered":"<p>Redacci\u00f3n\/Zona Roja. Oaxaca de Ju\u00e1rez, Oax., a 16 de septiembre de 2023.-&nbsp; Como parte de&hellip;<\/p>\n","protected":false},"author":2,"featured_media":59921,"comment_status":"closed","ping_status":"open","sticky":false,"template":"","format":"standard","meta":{"_lmt_disableupdate":"","_lmt_disable":"","_jetpack_memberships_contains_paid_content":false,"footnotes":""},"categories":[109,47],"tags":[494],"class_list":["post-59920","post","type-post","status-publish","format-standard","has-post-thumbnail","hentry","category-minuto-a-minuto","category-zona-gris","tag-fiscalia-general-del-estado-de-oaxaca"],"jetpack_featured_media_url":"https:\/\/zonaroja.com.mx\/wp-content\/uploads\/2023\/09\/15-septiembre-Aprehende-Fiscalia-de-Oaxaca-a-imputado-por-delito-de-Violacion-Agravada.jpg","jetpack_sharing_enabled":true,"_links":{"self":[{"href":"https:\/\/zonaroja.com.mx\/index.php?rest_route=\/wp\/v2\/posts\/59920","targetHints":{"allow":["GET"]}}],"collection":[{"href":"https:\/\/zonaroja.com.mx\/index.php?rest_route=\/wp\/v2\/posts"}],"about":[{"href":"https:\/\/zonaroja.com.mx\/index.php?rest_route=\/wp\/v2\/types\/post"}],"author":[{"embeddable":true,"href":"https:\/\/zonaroja.com.mx\/index.php?rest_route=\/wp\/v2\/users\/2"}],"replies":[{"embeddable":true,"href":"https:\/\/zonaroja.com.mx\/index.php?rest_route=%2Fwp%2Fv2%2Fcomments&post=59920"}],"version-history":[{"count":1,"href":"https:\/\/zonaroja.com.mx\/index.php?rest_route=\/wp\/v2\/posts\/59920\/revisions"}],"predecessor-version":[{"id":59922,"href":"https:\/\/zonaroja.com.mx\/index.php?rest_route=\/wp\/v2\/posts\/59920\/revisions\/59922"}],"wp:featuredmedia":[{"embeddable":true,"href":"https:\/\/zonaroja.com.mx\/index.php?rest_route=\/wp\/v2\/media\/59921"}],"wp:attachment":[{"href":"https:\/\/zonaroja.com.mx\/index.php?rest_route=%2Fwp%2Fv2%2Fmedia&parent=59920"}],"wp:term":[{"taxonomy":"category","embeddable":true,"href":"https:\/\/zonaroja.com.mx\/index.php?rest_route=%2Fwp%2Fv2%2Fcategories&post=59920"},{"taxonomy":"post_tag","embeddable":true,"href":"https:\/\/zonaroja.com.mx\/index.php?rest_route=%2Fwp%2Fv2%2Ftags&post=59920"}],"curies":[{"name":"wp","href":"https:\/\/api.w.org\/{rel}","templated":true}]}}