{"id":59923,"date":"2023-09-16T10:00:00","date_gmt":"2023-09-16T15:00:00","guid":{"rendered":"http:\/\/www.zonaroja.com.mx\/?p=59923"},"modified":"2023-09-16T08:26:55","modified_gmt":"2023-09-16T13:26:55","slug":"imparable-la-violencia-en-juchitan-ahora-roban-tienda-oxxo","status":"publish","type":"post","link":"https:\/\/zonaroja.com.mx\/?p=59923","title":{"rendered":"Imparable la violencia en Juchit\u00e1n; ahora roban tienda Oxxo"},"content":{"rendered":"\n<p>Redacci\u00f3n\/Zona Roja.<\/p>\n\n\n\n<p>Oaxaca de Ju\u00e1rez, Oax., a 16 de septiembre de 2023.- En plenas fiestas patrias, al menos dos sujetos con arma blanca, asaltaron una tienda Oxxo en Juchit\u00e1n de Zaragoza, municipio gobernado por el edil morenista Miguel S\u00e1nchez Altamirano.<\/p>\n\n\n\n<p>Fue la ma\u00f1ana de ayer en que los asaltantes ingresaron a la sucursal de la tienda de conveniencia ubicada a un costado de la carretera Trans\u00edstimica; amagaron con un cuchillo al empleado para exigir el dinero de la cuenta, adem\u00e1s de otras mercanc\u00edas, tras lo cual huyeron, sin que hubiera polic\u00edas en la zona.<\/p>\n\n\n\n<p>Varios minutos despu\u00e9s de los hechos arribaron elementos de la polic\u00eda municipal, para tomar conocimiento y supuestamente iniciar la b\u00fasqueda de los sujetos, que quedaron grabados en las c\u00e1maras de videovigilancia; sin embargo, hasta el momento no han sido localizados.<\/p>\n\n\n\n<p>Seg\u00fan la Comisar\u00eda General de Seguridad P\u00fablica Municipal, de acuerdo con la base de datos policial, los dos sujetos cuentan con antecedentes delictivos por los que han sido detenidos, pero adem\u00e1s, est\u00e1n plenamente identificados.<\/p>\n\n\n\n<p>Personal de la Vicefiscal\u00eda Regional del Istmo inici\u00f3 la carpeta de investigaci\u00f3n correspondiente.<\/p>\n","protected":false},"excerpt":{"rendered":"<p>Redacci\u00f3n\/Zona Roja. Oaxaca de Ju\u00e1rez, Oax., a 16 de septiembre de 2023.- En plenas fiestas&hellip;<\/p>\n","protected":false},"author":2,"featured_media":59925,"comment_status":"closed","ping_status":"open","sticky":false,"template":"","format":"standard","meta":{"_lmt_disableupdate":"","_lmt_disable":"","_jetpack_memberships_contains_paid_content":false,"footnotes":""},"categories":[109,47],"tags":[123],"class_list":["post-59923","post","type-post","status-publish","format-standard","has-post-thumbnail","hentry","category-minuto-a-minuto","category-zona-gris","tag-juchitan-de-zaragoza"],"jetpack_featured_media_url":"https:\/\/zonaroja.com.mx\/wp-content\/uploads\/2023\/09\/Tienda-Oxxo-1.webp","jetpack_sharing_enabled":true,"_links":{"self":[{"href":"https:\/\/zonaroja.com.mx\/index.php?rest_route=\/wp\/v2\/posts\/59923","targetHints":{"allow":["GET"]}}],"collection":[{"href":"https:\/\/zonaroja.com.mx\/index.php?rest_route=\/wp\/v2\/posts"}],"about":[{"href":"https:\/\/zonaroja.com.mx\/index.php?rest_route=\/wp\/v2\/types\/post"}],"author":[{"embeddable":true,"href":"https:\/\/zonaroja.com.mx\/index.php?rest_route=\/wp\/v2\/users\/2"}],"replies":[{"embeddable":true,"href":"https:\/\/zonaroja.com.mx\/index.php?rest_route=%2Fwp%2Fv2%2Fcomments&post=59923"}],"version-history":[{"count":1,"href":"https:\/\/zonaroja.com.mx\/index.php?rest_route=\/wp\/v2\/posts\/59923\/revisions"}],"predecessor-version":[{"id":59926,"href":"https:\/\/zonaroja.com.mx\/index.php?rest_route=\/wp\/v2\/posts\/59923\/revisions\/59926"}],"wp:featuredmedia":[{"embeddable":true,"href":"https:\/\/zonaroja.com.mx\/index.php?rest_route=\/wp\/v2\/media\/59925"}],"wp:attachment":[{"href":"https:\/\/zonaroja.com.mx\/index.php?rest_route=%2Fwp%2Fv2%2Fmedia&parent=59923"}],"wp:term":[{"taxonomy":"category","embeddable":true,"href":"https:\/\/zonaroja.com.mx\/index.php?rest_route=%2Fwp%2Fv2%2Fcategories&post=59923"},{"taxonomy":"post_tag","embeddable":true,"href":"https:\/\/zonaroja.com.mx\/index.php?rest_route=%2Fwp%2Fv2%2Ftags&post=59923"}],"curies":[{"name":"wp","href":"https:\/\/api.w.org\/{rel}","templated":true}]}}