{"id":59927,"date":"2023-09-16T11:00:00","date_gmt":"2023-09-16T16:00:00","guid":{"rendered":"http:\/\/www.zonaroja.com.mx\/?p=59927"},"modified":"2023-09-16T08:29:24","modified_gmt":"2023-09-16T13:29:24","slug":"pide-el-ine-a-lopez-obrador-retirar-publicacion-de-entrega-de-baston-de-mando","status":"publish","type":"post","link":"https:\/\/zonaroja.com.mx\/?p=59927","title":{"rendered":"Pide el INE a L\u00f3pez Obrador retirar publicaci\u00f3n de entrega de bast\u00f3n de mando"},"content":{"rendered":"\n<p>Redacci\u00f3n\/Zona Roja Cdmx.<\/p>\n\n\n\n<p>Ciudad de M\u00e9xico, a 16 de septiembre de 2023.- El presidente Andr\u00e9s Manuel L\u00f3pez Obrador hizo mal uso, presuntamente, de recursos p\u00fablicos para posicionar a Claudia Sheinbaum Pardo como aspirante a la presidencia 2024 por Morena, determin\u00f3 el Instituto Nacional Electoral (INE).<\/p>\n\n\n\n<p>En atenci\u00f3n a una denuncia ingresada por el legislador Jorge \u00c1lvarez Maynez y la panista Mariana G\u00f3mez del Campo, la Comisi\u00f3n de Quejas del Instituto aprob\u00f3 la medida cautelar contra el Ejecutivo, por lo que le orden\u00f3 bajar las publicaciones referentes a la entrega del denominado bast\u00f3n de mando, realizada el 7 de septiembre en el restaurante \u201cEl Mayor\u201d, en el Centro Hist\u00f3rico de la Ciudad de M\u00e9xico.<\/p>\n\n\n\n<p>De acuerdo con la exposici\u00f3n de motivos, el acto no guarda relaci\u00f3n con las actividades institucionales de la Presidencia.<\/p>\n\n\n\n<p>La consejera Claudia Zavala, presidenta de la comisi\u00f3n, indic\u00f3 que se trat\u00f3 de un acto \u201ctotalmente partidista\u201d, y en el que asistieron funcionarios p\u00fablicos en d\u00edas h\u00e1biles, como los gobernadores emanados de Morena.<\/p>\n\n\n\n<p>El consejero Arturo Castillo explic\u00f3 que la medida cautelar no tiene que ver con el \u201cuso del bast\u00f3n de mando tiene que ver con el aparente uso de recursos p\u00fablicos para impulsar -aparentemente- una figura pol\u00edtica espec\u00edfica, y esto podr\u00eda constituir una vulneraci\u00f3n a la obligaci\u00f3n de imparcialidad contenida en el 134 constitucional\u201d.<\/p>\n\n\n\n<p>Los consejeros determinaron que no hay indicios de presuntos actos de campa\u00f1a.<\/p>\n\n\n\n<p>La medida no fue vinculante a Claudia Sheinbaum porque las publicaciones que realiz\u00f3 no contienen elementos de vulnerabilidad al principio electoral.<\/p>\n\n\n\n<p>Aunque los denunciantes lo solicitaron , los consejeros rechazaron emitir una tutela preventiva porque no hay indicios de que puedan ser hechos de repetici\u00f3n.<\/p>\n\n\n\n<p>(Informaci\u00f3n de \u201cEl Financiero\u201d)<\/p>\n","protected":false},"excerpt":{"rendered":"<p>Redacci\u00f3n\/Zona Roja Cdmx. Ciudad de M\u00e9xico, a 16 de septiembre de 2023.- El presidente Andr\u00e9s&hellip;<\/p>\n","protected":false},"author":2,"featured_media":59627,"comment_status":"closed","ping_status":"open","sticky":false,"template":"","format":"standard","meta":{"_lmt_disableupdate":"","_lmt_disable":"","_jetpack_memberships_contains_paid_content":false,"footnotes":""},"categories":[109,47],"tags":[143],"class_list":["post-59927","post","type-post","status-publish","format-standard","has-post-thumbnail","hentry","category-minuto-a-minuto","category-zona-gris","tag-andres-manuel-lopez-obrador"],"jetpack_featured_media_url":"https:\/\/zonaroja.com.mx\/wp-content\/uploads\/2023\/09\/Lopez-Obrador-y-Claudia-Sheinbaum.jpeg","jetpack_sharing_enabled":true,"_links":{"self":[{"href":"https:\/\/zonaroja.com.mx\/index.php?rest_route=\/wp\/v2\/posts\/59927","targetHints":{"allow":["GET"]}}],"collection":[{"href":"https:\/\/zonaroja.com.mx\/index.php?rest_route=\/wp\/v2\/posts"}],"about":[{"href":"https:\/\/zonaroja.com.mx\/index.php?rest_route=\/wp\/v2\/types\/post"}],"author":[{"embeddable":true,"href":"https:\/\/zonaroja.com.mx\/index.php?rest_route=\/wp\/v2\/users\/2"}],"replies":[{"embeddable":true,"href":"https:\/\/zonaroja.com.mx\/index.php?rest_route=%2Fwp%2Fv2%2Fcomments&post=59927"}],"version-history":[{"count":1,"href":"https:\/\/zonaroja.com.mx\/index.php?rest_route=\/wp\/v2\/posts\/59927\/revisions"}],"predecessor-version":[{"id":59928,"href":"https:\/\/zonaroja.com.mx\/index.php?rest_route=\/wp\/v2\/posts\/59927\/revisions\/59928"}],"wp:featuredmedia":[{"embeddable":true,"href":"https:\/\/zonaroja.com.mx\/index.php?rest_route=\/wp\/v2\/media\/59627"}],"wp:attachment":[{"href":"https:\/\/zonaroja.com.mx\/index.php?rest_route=%2Fwp%2Fv2%2Fmedia&parent=59927"}],"wp:term":[{"taxonomy":"category","embeddable":true,"href":"https:\/\/zonaroja.com.mx\/index.php?rest_route=%2Fwp%2Fv2%2Fcategories&post=59927"},{"taxonomy":"post_tag","embeddable":true,"href":"https:\/\/zonaroja.com.mx\/index.php?rest_route=%2Fwp%2Fv2%2Ftags&post=59927"}],"curies":[{"name":"wp","href":"https:\/\/api.w.org\/{rel}","templated":true}]}}