{"id":59929,"date":"2023-09-16T13:00:00","date_gmt":"2023-09-16T18:00:00","guid":{"rendered":"http:\/\/www.zonaroja.com.mx\/?p=59929"},"modified":"2023-09-16T08:31:31","modified_gmt":"2023-09-16T13:31:31","slug":"van-mas-de-11330-muertos-a-causa-de-las-lluvias-en-libia","status":"publish","type":"post","link":"https:\/\/zonaroja.com.mx\/?p=59929","title":{"rendered":"Van m\u00e1s de 11,330 muertos a causa de las lluvias en Libia"},"content":{"rendered":"\n<p>Redacci\u00f3n\/Zona Roja Cdmx.<\/p>\n\n\n\n<p>Ciudad de M\u00e9xico, a 16 de septiembre de 2023.- Al menos 11 mil 300 personas han muerto en la ciudad costera de Derna en Libia, un pa\u00eds recientemente afectado por el paso del hurac\u00e1n \u201cDaniel\u201d, inform\u00f3 el grupo humanitario la Media Luna Roja, que continua los trabajos de b\u00fasqueda y rescate.&nbsp;<\/p>\n\n\n\n<p>La secretaria general del grupo humanitario, Marie el-Drese, dijo a de&nbsp;Associated Press por tel\u00e9fono que se ha reportado otros 10 mil 100 desaparecidos en la ciudad sobre el Mediterr\u00e1neo mientras que las autoridades de salud hab\u00edan informado de 5 mil 500 muertos.<\/p>\n\n\n\n<p>El diluvio del domingo por la noche se llev\u00f3 a familias enteras y sac\u00f3 a la luz los puntos vulnerables del pa\u00eds rico en petr\u00f3leo, que est\u00e1 sumido en los conflictos desde la insurrecci\u00f3n de 2011 que derroc\u00f3 al dictador Moamar Gadafi.<\/p>\n\n\n\n<p>El ministro de Salud del este, Othman Abduljalil, inform\u00f3 que desde los \u00faltimos d\u00edas, la ciudad de Derna empez\u00f3 a enterrar a los muertos, la mayor\u00eda en fosas comunes.<\/p>\n\n\n\n<p>Durante la ma\u00f1ana de este jueves, sumaban m\u00e1s de 3 mil los cuerpos enterrados y otros 2 mil estaban en proceso; asimismo, detall\u00f3 que la mayor\u00eda de los muertos fueron enterrados en fosas comunes fuera de Derma&nbsp;y el resto en poblaciones cercanas.<\/p>\n\n\n\n<p>Abduljalil dijo que los rescatistas segu\u00edan recorriendo las ruinas en el centro de la ciudad y buzos exploraban las aguas frente a la costa.<\/p>\n\n\n\n<p>Habr\u00eda una cantidad incalculable de muertos bajo el barro y las monta\u00f1as de escombros que se elevan hasta cuatro metros de altura. Los socorristas han tenido problemas para llevar equipo pesado, ya que las aguas han barrido o a\u00fan bloquean los caminos de acceso a la zona.<\/p>\n\n\n\n<p>.Funcionarios locales insinuaron que la cifra podr\u00eda ser mucho m\u00e1s alta. En declaraciones a la televisora saud\u00ed Al Arabia, el alcalde de Derna, Abdel-Moneim al-Ghaithi, dijo que la cifra podr\u00eda ascender a 20 mil, dada la cantidad de vecindarios barridos por el agua.<\/p>\n\n\n\n<p>La tormenta mat\u00f3 a unas 170 personas en las localidades del este de Libia como Bayda, Susa, Um Razaz y Marj, dijo el ministro de Salud.<\/p>\n\n\n\n<p>Entre los muertos en el este hab\u00eda al menos 84 egipcios, cuyos cuerpos fueron repatriados el mi\u00e9rcoles. M\u00e1s de 70 proven\u00edan de una aldea en la provincia sure\u00f1a de Beni Suef. La prensa libia inform\u00f3 que decenas de migrantes sudaneses murieron en el desastre.<\/p>\n\n\n\n<p>(Informaci\u00f3n de AP en \u201cMilenio\u201d)<\/p>\n","protected":false},"excerpt":{"rendered":"<p>Redacci\u00f3n\/Zona Roja Cdmx. Ciudad de M\u00e9xico, a 16 de septiembre de 2023.- Al menos 11&hellip;<\/p>\n","protected":false},"author":2,"featured_media":59770,"comment_status":"closed","ping_status":"open","sticky":false,"template":"","format":"standard","meta":{"_lmt_disableupdate":"","_lmt_disable":"","_jetpack_memberships_contains_paid_content":false,"footnotes":""},"categories":[109,47],"tags":[],"class_list":["post-59929","post","type-post","status-publish","format-standard","has-post-thumbnail","hentry","category-minuto-a-minuto","category-zona-gris"],"jetpack_featured_media_url":"https:\/\/zonaroja.com.mx\/wp-content\/uploads\/2023\/09\/Lluvias-e-inundaciones-Libia.jpeg","jetpack_sharing_enabled":true,"_links":{"self":[{"href":"https:\/\/zonaroja.com.mx\/index.php?rest_route=\/wp\/v2\/posts\/59929","targetHints":{"allow":["GET"]}}],"collection":[{"href":"https:\/\/zonaroja.com.mx\/index.php?rest_route=\/wp\/v2\/posts"}],"about":[{"href":"https:\/\/zonaroja.com.mx\/index.php?rest_route=\/wp\/v2\/types\/post"}],"author":[{"embeddable":true,"href":"https:\/\/zonaroja.com.mx\/index.php?rest_route=\/wp\/v2\/users\/2"}],"replies":[{"embeddable":true,"href":"https:\/\/zonaroja.com.mx\/index.php?rest_route=%2Fwp%2Fv2%2Fcomments&post=59929"}],"version-history":[{"count":1,"href":"https:\/\/zonaroja.com.mx\/index.php?rest_route=\/wp\/v2\/posts\/59929\/revisions"}],"predecessor-version":[{"id":59930,"href":"https:\/\/zonaroja.com.mx\/index.php?rest_route=\/wp\/v2\/posts\/59929\/revisions\/59930"}],"wp:featuredmedia":[{"embeddable":true,"href":"https:\/\/zonaroja.com.mx\/index.php?rest_route=\/wp\/v2\/media\/59770"}],"wp:attachment":[{"href":"https:\/\/zonaroja.com.mx\/index.php?rest_route=%2Fwp%2Fv2%2Fmedia&parent=59929"}],"wp:term":[{"taxonomy":"category","embeddable":true,"href":"https:\/\/zonaroja.com.mx\/index.php?rest_route=%2Fwp%2Fv2%2Fcategories&post=59929"},{"taxonomy":"post_tag","embeddable":true,"href":"https:\/\/zonaroja.com.mx\/index.php?rest_route=%2Fwp%2Fv2%2Ftags&post=59929"}],"curies":[{"name":"wp","href":"https:\/\/api.w.org\/{rel}","templated":true}]}}